{"id":8495,"date":"2023-11-15T10:39:25","date_gmt":"2023-11-15T09:39:25","guid":{"rendered":"https:\/\/personal-aus-osteuropa.de\/?p=8495"},"modified":"2025-09-11T11:38:53","modified_gmt":"2025-09-11T09:38:53","slug":"subcontractors-in-the-electrical-industry","status":"publish","type":"post","link":"https:\/\/personal-aus-osteuropa.de\/en\/2023\/11\/15\/subcontractors-in-the-electrical-industry\/","title":{"rendered":"Subcontractors in the Electrical Industry: Flexible Skilled Labour for Your Projects"},"content":{"rendered":"<div data-elementor-type=\"wp-post\" data-elementor-id=\"8495\" class=\"elementor elementor-8495\">\n\t\t\t\t\t\t<section class=\"elementor-section elementor-top-section elementor-element elementor-element-12f4a951 tstk-col-stretched-none tstk-bg-color-over-image elementor-section-boxed elementor-section-height-default elementor-section-height-default\" data-id=\"12f4a951\" data-element_type=\"section\" data-e-type=\"section\">\n\t\t\t\t\t\t<div class=\"elementor-container elementor-column-gap-default\">\n\t\t\t\t\t<div class=\"elementor-column elementor-col-100 elementor-top-column elementor-element elementor-element-4f42434 tstk-bg-color-over-image\" data-id=\"4f42434\" data-element_type=\"column\" data-e-type=\"column\">\n\t\t\t<div class=\"elementor-widget-wrap elementor-element-populated\">\n\t\t\t\t\t\t<div class=\"elementor-element elementor-element-4ad09818 elementor-widget elementor-widget-heading\" data-id=\"4ad09818\" data-element_type=\"widget\" data-e-type=\"widget\" data-widget_type=\"heading.default\">\n\t\t\t\t<div class=\"elementor-widget-container\">\n\t\t\t\t\t<h1 class=\"elementor-heading-title elementor-size-default\">Subcontractors in the Electrical Industry: Flexible Skilled Labour for Your Projects<\/h1>\t\t\t\t<\/div>\n\t\t\t\t<\/div>\n\t\t\t\t<div class=\"elementor-element elementor-element-42e15fff elementor-widget elementor-widget-text-editor\" data-id=\"42e15fff\" data-element_type=\"widget\" data-e-type=\"widget\" data-widget_type=\"text-editor.default\">\n\t\t\t\t<div class=\"elementor-widget-container\">\n\t\t\t\t\t\t\t\t\t<p><\/p><div data-slate-fragment=\"JTVCJTdCJTIydHlwZSUyMiUzQSUyMnAlMjIlMkMlMjJpZCUyMiUzQSUyMmRsM3M2JTIyJTJDJTIyY2hpbGRyZW4lMjIlM0ElNUIlN0IlMjJ0ZXh0JTIyJTNBJTIyQXJiZWl0bmVobWVyJUMzJUJDYmVybGFzc3VuZ3N2ZXJ0ciVDMyVBNGdlJTIwc2luZCUyMGVpbiUyMHdpY2h0aWdlciUyMFRlaWwlMjBkZXIlMjBBcmJlaXRzb3JkbnVuZyUyMGluJTIwVW50ZXJuZWhtZW4uJTIwU2llJTIwc3RlbGxlbiUyMGVpbmUlMjByZWNodGxpY2glMjBnZXJlZ2VsdGUlMjBWZXJlaW5iYXJ1bmclMjB6d2lzY2hlbiUyMGRlbSUyMEFyYmVpdGdlYmVyJTIwdW5kJTIwZGVtJTIwTGVpaGFyYmVpdG5laG1lciUyMGRhciUyMHVuZCUyMHNjaGFmZmVuJTIwc28lMjBlaW5lbiUyMFJhaG1lbiUyMGYlQzMlQkNyJTIwZWluZSUyMGVyZm9sZ3JlaWNoZSUyMFp1c2FtbWVuYXJiZWl0LiUyMFdvcmF1ZiUyMG0lQzMlQkNzc2VuJTIwQXJiZWl0Z2ViZXIlMjBhY2h0ZW4lMkMlMjB1bSUyMFJlY2h0ZSUyMHVuZCUyMFBmbGljaHRlbiUyMGtsYXIlMjBhYnp1Z3JlbnplbiUzRiUyMFdhcyUyMHNpbmQlMjBkaWUlMjBWb3ItJTIwdW5kJTIwTmFjaHRlaWxlJTIwc29sY2hlciUyMFZlcnRyJUMzJUE0Z2UlMjBmJUMzJUJDciUyMGJlaWRlJTIwU2VpdGVuJTNGJTIwV2lyJTIwd2lkbWVuJTIwdW5zJTIwaW0lMjBGb2xnZW5kZW4lMjBkaWVzZW0lMjBzcGFubmVuZGVuJTIwVGhlbWEhJTIwJTIyJTdEJTVEJTdEJTJDJTdCJTIydHlwZSUyMiUzQSUyMnAlMjIlMkMlMjJpZCUyMiUzQSUyMm0zenl2JTIyJTJDJTIyY2hpbGRyZW4lMjIlM0ElNUIlN0IlMjJ0ZXh0JTIyJTNBJTIyJTIyJTdEJTVEJTdEJTVE\"><p class=\"translation-block\">Subcontractors in the electrical industry are an important part of the value chain. They take on specialized tasks such as the installation of electrical systems or the wiring of machines and devices. They work closely with manufacturers to ensure smooth integration into the overall system. However, <a href=\"https:\/\/personal-aus-osteuropa.de\/en\/portfolio\/subcontractors-subcontractors-eastern-europe-work-contracts\/\" target=\"_self\">subcontractors<\/a> also face challenges: They often have to complete complex projects within a short space of time while meeting the highest quality standards. In addition, they are often reliant on a limited pool of qualified employees, which can result in staffing bottlenecks.<\/p><p class=\"translation-block\">In order to successfully overcome these challenges, it is important for subcontractors in the <a href=\"https:\/\/personal-aus-osteuropa.de\/en\/service\/electrician-industrial-electrician-temporary-work-eastern-europe\/\" target=\"_self\">electrical industry<\/a> to constantly develop and offer innovative solutions. This includes, for example, the use of new technologies such as artificial intelligence to optimize the work process.<\/p><p class=\"translation-block\">Are you looking for subcontractors for the electrical industry? We at Zeitarbeit International have subcontractors <a href=\"https:\/\/zeitarbeit-international.de\/elektriker-aus-polen\/\" target=\"_self\">electricians from Poland<\/a> and Eastern Europe for the industry. We are at your side as a reliable partner and ensure that your systems are installed and commissioned with the utmost precision and care so that you can concentrate fully on your core business.<\/p><\/div><div><p><\/p><\/div><p><!-- \/wp:buttons --><\/p>\t\t\t\t\t\t\t\t<\/div>\n\t\t\t\t<\/div>\n\t\t\t\t<div class=\"elementor-element elementor-element-77773010 tstk-btn-shape-round tstk-btn-color-globalcolor tstk-btn-style-flat elementor-widget elementor-widget-button\" data-id=\"77773010\" data-element_type=\"widget\" data-e-type=\"widget\" data-widget_type=\"button.default\">\n\t\t\t\t<div class=\"elementor-widget-container\">\n\t\t\t\t\t\t\t\t\t<div class=\"elementor-button-wrapper\">\n\t\t\t\t\t<a class=\"elementor-button elementor-button-link elementor-size-sm\" href=\"https:\/\/personal-aus-osteuropa.de\/en\/service\/electrician-industrial-electrician-temporary-work-eastern-europe\/\">\n\t\t\t\t\t\t<span class=\"elementor-button-content-wrapper\">\n\t\t\t\t\t\t\t\t\t<span class=\"elementor-button-text\">More Info<\/span>\n\t\t\t\t\t<\/span>\n\t\t\t\t\t<\/a>\n\t\t\t\t<\/div>\n\t\t\t\t\t\t\t\t<\/div>\n\t\t\t\t<\/div>\n\t\t\t\t<div class=\"elementor-element elementor-element-5df8ea82 elementor-widget elementor-widget-heading\" data-id=\"5df8ea82\" data-element_type=\"widget\" data-e-type=\"widget\" data-widget_type=\"heading.default\">\n\t\t\t\t<div class=\"elementor-widget-container\">\n\t\t\t\t\t<h2 class=\"elementor-heading-title elementor-size-default\">What qualified electrician and cable installation teams can we provide?\n\n<\/h2>\t\t\t\t<\/div>\n\t\t\t\t<\/div>\n\t\t\t\t<div class=\"elementor-element elementor-element-1cbe4499 elementor-widget elementor-widget-text-editor\" data-id=\"1cbe4499\" data-element_type=\"widget\" data-e-type=\"widget\" data-widget_type=\"text-editor.default\">\n\t\t\t\t<div class=\"elementor-widget-container\">\n\t\t\t\t\t\t\t\t\t<p class=\"mainText\">We provide qualified teams of electricians and cable technicians. Our subcontractors provide us with high-quality teams of workers of various sizes. Our subcontractor teams are available to you in the following areas:<\/p>\t\t\t\t\t\t\t\t<\/div>\n\t\t\t\t<\/div>\n\t\t\t\t<div class=\"elementor-section elementor-inner-section elementor-element elementor-element-8986a13 tstk-col-stretched-none tstk-bg-color-over-image elementor-section-boxed elementor-section-height-default elementor-section-height-default\" data-id=\"8986a13\" data-element_type=\"section\" data-e-type=\"section\">\n\t\t\t\t\t\t<div class=\"elementor-container elementor-column-gap-no\">\n\t\t\t\t\t<div class=\"elementor-column elementor-col-50 elementor-inner-column elementor-element elementor-element-72fe26a tstk-bg-color-over-image\" data-id=\"72fe26a\" data-element_type=\"column\" data-e-type=\"column\">\n\t\t\t<div class=\"elementor-widget-wrap elementor-element-populated\">\n\t\t\t\t\t\t<div class=\"elementor-element elementor-element-a080b6b elementor-align-start elementor-icon-list--layout-traditional elementor-list-item-link-full_width elementor-widget elementor-widget-icon-list\" data-id=\"a080b6b\" data-element_type=\"widget\" data-e-type=\"widget\" data-widget_type=\"icon-list.default\">\n\t\t\t\t<div class=\"elementor-widget-container\">\n\t\t\t\t\t\t\t<ul class=\"elementor-icon-list-items\">\n\t\t\t\t\t\t\t<li class=\"elementor-icon-list-item\">\n\t\t\t\t\t\t\t\t\t\t\t<span class=\"elementor-icon-list-icon\">\n\t\t\t\t\t\t\t<i aria-hidden=\"true\" class=\"fas fa-check-circle\"><\/i>\t\t\t\t\t\t<\/span>\n\t\t\t\t\t\t\t\t\t\t<span class=\"elementor-icon-list-text\">Electrical installations<\/span>\n\t\t\t\t\t\t\t\t\t<\/li>\n\t\t\t\t\t\t\t\t<li class=\"elementor-icon-list-item\">\n\t\t\t\t\t\t\t\t\t\t\t<a href=\"https:\/\/personal-aus-osteuropa.de\/en\/2023\/03\/08\/electrical-installations-with-electricians-from-eastern-europe\/\">\n\n\t\t\t\t\t\t\t\t\t\t\t\t<span class=\"elementor-icon-list-icon\">\n\t\t\t\t\t\t\t<i aria-hidden=\"true\" class=\"fas fa-check-circle\"><\/i>\t\t\t\t\t\t<\/span>\n\t\t\t\t\t\t\t\t\t\t<span class=\"elementor-icon-list-text\">Industrial installation of electricity<\/span>\n\t\t\t\t\t\t\t\t\t\t\t<\/a>\n\t\t\t\t\t\t\t\t\t<\/li>\n\t\t\t\t\t\t\t\t<li class=\"elementor-icon-list-item\">\n\t\t\t\t\t\t\t\t\t\t\t<a href=\"https:\/\/personal-aus-osteuropa.de\/en\/2023\/03\/06\/electronics-technician-for-automation-technology\/\">\n\n\t\t\t\t\t\t\t\t\t\t\t\t<span class=\"elementor-icon-list-icon\">\n\t\t\t\t\t\t\t<i aria-hidden=\"true\" class=\"fas fa-check-circle\"><\/i>\t\t\t\t\t\t<\/span>\n\t\t\t\t\t\t\t\t\t\t<span class=\"elementor-icon-list-text\">Installation of automation technology<\/span>\n\t\t\t\t\t\t\t\t\t\t\t<\/a>\n\t\t\t\t\t\t\t\t\t<\/li>\n\t\t\t\t\t\t\t\t<li class=\"elementor-icon-list-item\">\n\t\t\t\t\t\t\t\t\t\t\t<span class=\"elementor-icon-list-icon\">\n\t\t\t\t\t\t\t<i aria-hidden=\"true\" class=\"fas fa-check-circle\"><\/i>\t\t\t\t\t\t<\/span>\n\t\t\t\t\t\t\t\t\t\t<span class=\"elementor-icon-list-text\">Maintenance and repair of electrical installations<\/span>\n\t\t\t\t\t\t\t\t\t<\/li>\n\t\t\t\t\t\t\t\t<li class=\"elementor-icon-list-item\">\n\t\t\t\t\t\t\t\t\t\t\t<span class=\"elementor-icon-list-icon\">\n\t\t\t\t\t\t\t<i aria-hidden=\"true\" class=\"fas fa-check-circle\"><\/i>\t\t\t\t\t\t<\/span>\n\t\t\t\t\t\t\t\t\t\t<span class=\"elementor-icon-list-text\">Installation work for the telephone exchange<\/span>\n\t\t\t\t\t\t\t\t\t<\/li>\n\t\t\t\t\t\t<\/ul>\n\t\t\t\t\t\t<\/div>\n\t\t\t\t<\/div>\n\t\t\t\t\t<\/div>\n\t\t<\/div>\n\t\t\t\t<div class=\"elementor-column elementor-col-50 elementor-inner-column elementor-element elementor-element-b0cfc4c tstk-bg-color-over-image\" data-id=\"b0cfc4c\" data-element_type=\"column\" data-e-type=\"column\">\n\t\t\t<div class=\"elementor-widget-wrap elementor-element-populated\">\n\t\t\t\t\t\t<div class=\"elementor-element elementor-element-e76eede elementor-align-start elementor-icon-list--layout-traditional elementor-list-item-link-full_width elementor-widget elementor-widget-icon-list\" data-id=\"e76eede\" data-element_type=\"widget\" data-e-type=\"widget\" data-widget_type=\"icon-list.default\">\n\t\t\t\t<div class=\"elementor-widget-container\">\n\t\t\t\t\t\t\t<ul class=\"elementor-icon-list-items\">\n\t\t\t\t\t\t\t<li class=\"elementor-icon-list-item\">\n\t\t\t\t\t\t\t\t\t\t\t<span class=\"elementor-icon-list-icon\">\n\t\t\t\t\t\t\t<i aria-hidden=\"true\" class=\"fas fa-check-circle\"><\/i>\t\t\t\t\t\t<\/span>\n\t\t\t\t\t\t\t\t\t\t<span class=\"elementor-icon-list-text\">Cable construction and laying<\/span>\n\t\t\t\t\t\t\t\t\t<\/li>\n\t\t\t\t\t\t\t\t<li class=\"elementor-icon-list-item\">\n\t\t\t\t\t\t\t\t\t\t\t<span class=\"elementor-icon-list-icon\">\n\t\t\t\t\t\t\t<i aria-hidden=\"true\" class=\"fas fa-check-circle\"><\/i>\t\t\t\t\t\t<\/span>\n\t\t\t\t\t\t\t\t\t\t<span class=\"elementor-icon-list-text\">Photovoltaic systems planning<\/span>\n\t\t\t\t\t\t\t\t\t<\/li>\n\t\t\t\t\t\t\t\t<li class=\"elementor-icon-list-item\">\n\t\t\t\t\t\t\t\t\t\t\t<span class=\"elementor-icon-list-icon\">\n\t\t\t\t\t\t\t<i aria-hidden=\"true\" class=\"fas fa-check-circle\"><\/i>\t\t\t\t\t\t<\/span>\n\t\t\t\t\t\t\t\t\t\t<span class=\"elementor-icon-list-text\">Installation of photovoltaic modules<\/span>\n\t\t\t\t\t\t\t\t\t<\/li>\n\t\t\t\t\t\t\t\t<li class=\"elementor-icon-list-item\">\n\t\t\t\t\t\t\t\t\t\t\t<span class=\"elementor-icon-list-icon\">\n\t\t\t\t\t\t\t<i aria-hidden=\"true\" class=\"fas fa-check-circle\"><\/i>\t\t\t\t\t\t<\/span>\n\t\t\t\t\t\t\t\t\t\t<span class=\"elementor-icon-list-text\">Maintenance and service<\/span>\n\t\t\t\t\t\t\t\t\t<\/li>\n\t\t\t\t\t\t\t\t<li class=\"elementor-icon-list-item\">\n\t\t\t\t\t\t\t\t\t\t\t<a href=\"https:\/\/personal-aus-osteuropa.de\/en\/service\/solar-technology\/\">\n\n\t\t\t\t\t\t\t\t\t\t\t\t<span class=\"elementor-icon-list-icon\">\n\t\t\t\t\t\t\t<i aria-hidden=\"true\" class=\"fas fa-check-circle\"><\/i>\t\t\t\t\t\t<\/span>\n\t\t\t\t\t\t\t\t\t\t<span class=\"elementor-icon-list-text\">Electrical work of heating systems<\/span>\n\t\t\t\t\t\t\t\t\t\t\t<\/a>\n\t\t\t\t\t\t\t\t\t<\/li>\n\t\t\t\t\t\t<\/ul>\n\t\t\t\t\t\t<\/div>\n\t\t\t\t<\/div>\n\t\t\t\t\t<\/div>\n\t\t<\/div>\n\t\t\t\t\t<\/div>\n\t\t<\/div>\n\t\t\t\t\t<\/div>\n\t\t<\/div>\n\t\t\t\t\t<\/div>\n\t\t<\/section>\n\t\t\t\t<section class=\"elementor-section elementor-top-section elementor-element elementor-element-9aba862 tstk-col-stretched-none tstk-bg-color-over-image elementor-section-boxed elementor-section-height-default elementor-section-height-default\" data-id=\"9aba862\" data-element_type=\"section\" data-e-type=\"section\">\n\t\t\t\t\t\t<div class=\"elementor-container elementor-column-gap-default\">\n\t\t\t\t\t<div class=\"elementor-column elementor-col-100 elementor-top-column elementor-element elementor-element-29e2f95 tstk-bg-color-over-image\" data-id=\"29e2f95\" data-element_type=\"column\" data-e-type=\"column\">\n\t\t\t<div class=\"elementor-widget-wrap elementor-element-populated\">\n\t\t\t\t\t\t<div class=\"elementor-element elementor-element-49892f1 elementor-widget elementor-widget-spacer\" data-id=\"49892f1\" data-element_type=\"widget\" data-e-type=\"widget\" data-widget_type=\"spacer.default\">\n\t\t\t\t<div class=\"elementor-widget-container\">\n\t\t\t\t\t\t\t<div class=\"elementor-spacer\">\n\t\t\t<div class=\"elementor-spacer-inner\"><\/div>\n\t\t<\/div>\n\t\t\t\t\t\t<\/div>\n\t\t\t\t<\/div>\n\t\t\t\t<div class=\"elementor-element elementor-element-b3d211d tstk-btn-shape-round tstk-btn-color-globalcolor tstk-btn-style-flat elementor-widget elementor-widget-button\" data-id=\"b3d211d\" data-element_type=\"widget\" data-e-type=\"widget\" data-widget_type=\"button.default\">\n\t\t\t\t<div class=\"elementor-widget-container\">\n\t\t\t\t\t\t\t\t\t<div class=\"elementor-button-wrapper\">\n\t\t\t\t\t<a class=\"elementor-button elementor-button-link elementor-size-sm\" href=\"https:\/\/personal-aus-osteuropa.de\/en\/find-staff-from-eastern-europe-request\/\">\n\t\t\t\t\t\t<span class=\"elementor-button-content-wrapper\">\n\t\t\t\t\t\t\t\t\t<span class=\"elementor-button-text\">Request electricians<\/span>\n\t\t\t\t\t<\/span>\n\t\t\t\t\t<\/a>\n\t\t\t\t<\/div>\n\t\t\t\t\t\t\t\t<\/div>\n\t\t\t\t<\/div>\n\t\t\t\t\t<\/div>\n\t\t<\/div>\n\t\t\t\t\t<\/div>\n\t\t<\/section>\n\t\t\t\t<section class=\"elementor-section elementor-top-section elementor-element elementor-element-8e40182 tstk-col-stretched-none tstk-bg-color-over-image elementor-section-boxed elementor-section-height-default elementor-section-height-default\" data-id=\"8e40182\" data-element_type=\"section\" data-e-type=\"section\">\n\t\t\t\t\t\t<div class=\"elementor-container elementor-column-gap-default\">\n\t\t\t\t\t<div class=\"elementor-column elementor-col-50 elementor-top-column elementor-element elementor-element-d0321a1 tstk-bg-color-over-image\" data-id=\"d0321a1\" data-element_type=\"column\" data-e-type=\"column\">\n\t\t\t<div class=\"elementor-widget-wrap elementor-element-populated\">\n\t\t\t\t\t\t<div class=\"elementor-element elementor-element-1123255 elementor-hidden-mobile elementor-widget elementor-widget-image\" data-id=\"1123255\" data-element_type=\"widget\" data-e-type=\"widget\" data-widget_type=\"image.default\">\n\t\t\t\t<div class=\"elementor-widget-container\">\n\t\t\t\t\t\t\t\t\t\t\t\t\t\t\t<img fetchpriority=\"high\" decoding=\"async\" width=\"724\" height=\"483\" src=\"https:\/\/personal-aus-osteuropa.de\/wp-content\/uploads\/2020\/06\/iStock-109721441.jpg\" class=\"attachment-large size-large wp-image-654\" alt=\"presonalvemittlung craftsman\" srcset=\"https:\/\/personal-aus-osteuropa.de\/wp-content\/uploads\/2020\/06\/iStock-109721441.jpg 724w, https:\/\/personal-aus-osteuropa.de\/wp-content\/uploads\/2020\/06\/iStock-109721441-300x200.jpg 300w\" sizes=\"(max-width: 724px) 100vw, 724px\" \/>\t\t\t\t\t\t\t\t\t\t\t\t\t\t\t<\/div>\n\t\t\t\t<\/div>\n\t\t\t\t\t<\/div>\n\t\t<\/div>\n\t\t\t\t<div class=\"elementor-column elementor-col-50 elementor-top-column elementor-element elementor-element-3fb2fba tstk-bg-color-over-image\" data-id=\"3fb2fba\" data-element_type=\"column\" data-e-type=\"column\">\n\t\t\t<div class=\"elementor-widget-wrap elementor-element-populated\">\n\t\t\t\t\t\t<div class=\"elementor-element elementor-element-36a8635 elementor-widget elementor-widget-image\" data-id=\"36a8635\" data-element_type=\"widget\" data-e-type=\"widget\" data-widget_type=\"image.default\">\n\t\t\t\t<div class=\"elementor-widget-container\">\n\t\t\t\t\t\t\t\t\t\t\t\t\t\t\t<img decoding=\"async\" width=\"609\" height=\"447\" src=\"https:\/\/personal-aus-osteuropa.de\/wp-content\/uploads\/2023\/01\/iStock-1393223715-e1673794220220.jpg\" class=\"attachment-large size-large wp-image-5741\" alt=\"Are you looking for temporary workers from Eastern Europe?\" srcset=\"https:\/\/personal-aus-osteuropa.de\/wp-content\/uploads\/2023\/01\/iStock-1393223715-e1673794220220.jpg 609w, https:\/\/personal-aus-osteuropa.de\/wp-content\/uploads\/2023\/01\/iStock-1393223715-e1673794220220-300x220.jpg 300w\" sizes=\"(max-width: 609px) 100vw, 609px\" \/>\t\t\t\t\t\t\t\t\t\t\t\t\t\t\t<\/div>\n\t\t\t\t<\/div>\n\t\t\t\t\t<\/div>\n\t\t<\/div>\n\t\t\t\t\t<\/div>\n\t\t<\/section>\n\t\t\t\t<section class=\"elementor-section elementor-top-section elementor-element elementor-element-245fcd2 tstk-col-stretched-none tstk-bg-color-over-image elementor-section-boxed elementor-section-height-default elementor-section-height-default\" data-id=\"245fcd2\" data-element_type=\"section\" data-e-type=\"section\">\n\t\t\t\t\t\t<div class=\"elementor-container elementor-column-gap-default\">\n\t\t\t\t\t<div class=\"elementor-column elementor-col-100 elementor-top-column elementor-element elementor-element-36c12d2 tstk-bg-color-over-image\" data-id=\"36c12d2\" data-element_type=\"column\" data-e-type=\"column\">\n\t\t\t<div class=\"elementor-widget-wrap elementor-element-populated\">\n\t\t\t\t\t\t<div class=\"elementor-element elementor-element-fae5fac elementor-widget elementor-widget-spacer\" data-id=\"fae5fac\" data-element_type=\"widget\" data-e-type=\"widget\" data-widget_type=\"spacer.default\">\n\t\t\t\t<div class=\"elementor-widget-container\">\n\t\t\t\t\t\t\t<div class=\"elementor-spacer\">\n\t\t\t<div class=\"elementor-spacer-inner\"><\/div>\n\t\t<\/div>\n\t\t\t\t\t\t<\/div>\n\t\t\t\t<\/div>\n\t\t\t\t<div class=\"elementor-element elementor-element-6465302 elementor-widget elementor-widget-heading\" data-id=\"6465302\" data-element_type=\"widget\" data-e-type=\"widget\" data-widget_type=\"heading.default\">\n\t\t\t\t<div class=\"elementor-widget-container\">\n\t\t\t\t\t<h2 class=\"elementor-heading-title elementor-size-default\">What are the benefits of working with subcontracted electricians?<\/h2>\t\t\t\t<\/div>\n\t\t\t\t<\/div>\n\t\t\t\t<div class=\"elementor-element elementor-element-1aa5e13 elementor-widget elementor-widget-text-editor\" data-id=\"1aa5e13\" data-element_type=\"widget\" data-e-type=\"widget\" data-widget_type=\"text-editor.default\">\n\t\t\t\t<div class=\"elementor-widget-container\">\n\t\t\t\t\t\t\t\t\t<div class=\"flex-1 overflow-hidden\">\n<div class=\"react-scroll-to-bottom--css-zkdqp-79elbk h-full\">\n<div class=\"react-scroll-to-bottom--css-zkdqp-1n7m0yu targeted-reply-thread-scroller relative\">\n<div class=\"flex flex-col text-sm gizmo:pb-9 dark:bg-gray-800 gizmo:dark:bg-transparent\">\n<div class=\"group w-full text-token-text-primary border-b border-black\/10 gizmo:border-0 dark:border-gray-900\/50 gizmo:dark:border-0 bg-gray-50 gizmo:bg-transparent dark:bg-[#444654] gizmo:dark:bg-transparent\" data-testid=\"conversation-turn-7\">\n<div class=\"p-4 gizmo:py-2 justify-center text-base md:gap-6 md:py-6 m-auto\">\n<div class=\"flex flex-1 gap-4 text-base mx-auto md:gap-6 gizmo:gap-3 gizmo:md:px-5 gizmo:lg:px-1 gizmo:xl:px-5 md:max-w-2xl lg:max-w-[38rem] gizmo:md:max-w-3xl gizmo:lg:max-w-[40rem] gizmo:xl:max-w-[48rem] xl:max-w-3xl }\">\n<div class=\"relative flex w-[calc(100%-50px)] flex-col gizmo:w-full lg:w-[calc(100%-115px)] agent-turn\">\n<div class=\"flex-col gap-1 md:gap-3\">\n<div class=\"flex flex-grow flex-col max-w-full gap-3 gizmo:gap-0\">\n<div class=\"min-h-[20px] text-message peer flex flex-col items-start gap-3 whitespace-pre-wrap break-words peer-[.text-message]:mt-5 overflow-x-auto\" data-message-author-role=\"assistant\" data-message-id=\"8069fb60-6b16-46af-b20f-3b6fcd9dce88\">\n<div class=\"markdown prose w-full break-words dark:prose-invert light\">\n<p>Working with subcontractors in the electrical industry can offer several benefits, but it's important to choose the right partners carefully. Here are some considerations and potential benefits of working with subcontractors in the electrical industry:<\/p>\n<ol>\n<li>\n<p><strong>Specialization:<\/strong> subcontractors in the electrical industry can specialize in specific fields, be it the installation of electrical systems, the maintenance of control cabinets or other electrical engineering services.<\/p>\n<\/li>\n<li>\n<p><strong>Flexibility:<\/strong> subcontractors often offer flexible resource availability. This enables companies to react quickly to fluctuating workloads or short-term projects without having to hire new full-time employees.<\/p>\n<\/li>\n<li>\n<p><strong>Cost control:<\/strong> by working with subcontractors, companies can better control their costs. They only pay for the services actually provided, without making long-term commitments to permanent employees.<\/p>\n<\/li>\n<li>\n<p><strong>Time saving:<\/strong> subcontractors can often be mobilized more quickly than internal resources, especially when it comes to short-term projects or specialized tasks.<\/p>\n<\/li>\n<li>\n<p><strong>Expertise:<\/strong> subcontractors can have a wide range of experience and expertise, especially if they specialize in certain areas of the electrical industry.<\/p>\n<\/li>\n<li>\n<p><strong>Risk reduction:<\/strong> subcontractors often bear part of the project risk, especially if the contract clearly defines the responsibilities and liabilities they assume.<\/p>\n<\/li>\n<li>\n<p><strong>Network:<\/strong> experienced subcontractors often have a well-established network of suppliers and partners, which can facilitate access to resources and materials.<span style=\"color: var( --e-global-color-text ); letter-spacing: 0px;\">.<\/span><\/p>\n<\/li>\n<\/ol>\n<h3>Cooperation with subcontractors\u00a0<\/h3>\n<p>Before deciding to work with subcontractors, it is important to ensure that they are reliable, qualified and financially stable. Clear contracts and communication are also crucial to avoid misunderstandings and ensure that the expectations of both parties are met. References, reviews and face-to-face meetings can be helpful in assessing the suitability of potential subcontractors.<\/p>\n<p>Zeitarbeit International helps you to find reliable subcontractors from the electrical industry. We only place certified electricians from Poland and Eastern Europe: subcontractors &amp; temporary workers with the best professional qualifications. Just ask us!<\/p>\n<\/div>\n<\/div>\n<\/div>\n<\/div>\n<\/div>\n<\/div>\n<\/div>\n<\/div>\n<\/div>\n<\/div>\n<\/div>\n<\/div>\t\t\t\t\t\t\t\t<\/div>\n\t\t\t\t<\/div>\n\t\t\t\t\t<\/div>\n\t\t<\/div>\n\t\t\t\t\t<\/div>\n\t\t<\/section>\n\t\t\t\t<section class=\"elementor-section elementor-top-section elementor-element elementor-element-32e2e12 tstk-col-stretched-none tstk-bg-color-over-image elementor-section-boxed elementor-section-height-default elementor-section-height-default\" data-id=\"32e2e12\" data-element_type=\"section\" data-e-type=\"section\">\n\t\t\t\t\t\t<div class=\"elementor-container elementor-column-gap-default\">\n\t\t\t\t\t<div class=\"elementor-column elementor-col-100 elementor-top-column elementor-element elementor-element-31a14dc tstk-bg-color-over-image\" data-id=\"31a14dc\" data-element_type=\"column\" data-e-type=\"column\">\n\t\t\t<div class=\"elementor-widget-wrap elementor-element-populated\">\n\t\t\t\t\t\t<div class=\"elementor-element elementor-element-a47f548 tstk-btn-shape-round tstk-btn-color-globalcolor tstk-btn-style-flat elementor-widget elementor-widget-button\" data-id=\"a47f548\" data-element_type=\"widget\" data-e-type=\"widget\" data-widget_type=\"button.default\">\n\t\t\t\t<div class=\"elementor-widget-container\">\n\t\t\t\t\t\t\t\t\t<div class=\"elementor-button-wrapper\">\n\t\t\t\t\t<a class=\"elementor-button elementor-button-link elementor-size-sm\" href=\"https:\/\/personal-aus-osteuropa.de\/en\/contact-staff-from-eastern-europe\/\">\n\t\t\t\t\t\t<span class=\"elementor-button-content-wrapper\">\n\t\t\t\t\t\t\t\t\t<span class=\"elementor-button-text\">Contact us<\/span>\n\t\t\t\t\t<\/span>\n\t\t\t\t\t<\/a>\n\t\t\t\t<\/div>\n\t\t\t\t\t\t\t\t<\/div>\n\t\t\t\t<\/div>\n\t\t\t\t\t<\/div>\n\t\t<\/div>\n\t\t\t\t\t<\/div>\n\t\t<\/section>\n\t\t\t\t<\/div>","protected":false},"excerpt":{"rendered":"<p>Subcontractors in the electrical industry Subcontractors in the electrical industry are an important part of the value chain. They take on specialised tasks such as the installation of electrical systems or the wiring of machines and devices. They work closely with manufacturers to ensure smooth integration into the overall system. However, subcontractors also face challenges: They often have to complete complex projects within a short space of time and fulfil the highest quality standards. In addition[...]<\/p>","protected":false},"author":9,"featured_media":15516,"comment_status":"closed","ping_status":"closed","sticky":false,"template":"","format":"standard","meta":{"_acf_changed":false,"footnotes":""},"categories":[101,95],"tags":[],"class_list":["post-8495","post","type-post","status-publish","format-standard","has-post-thumbnail","hentry","category-subunternehmen","category-subunternehmer-vermittlung"],"acf":[],"yoast_head":"<!-- This site is optimized with the Yoast SEO Premium plugin v26.8 (Yoast SEO v26.8) - https:\/\/yoast.com\/product\/yoast-seo-premium-wordpress\/ -->\n<title>Subunternehmer in der Elektroindustrie - Industrie Elektriker<\/title>\n<meta name=\"description\" content=\"Subunternehmer in der Elektroindustrie gesucht? Wir vermitteln Elektriker, Kabeltechniker, Solarmonteure aus Polen &amp; Osteuropa\" \/>\n<meta name=\"robots\" content=\"index, follow, max-snippet:-1, max-image-preview:large, max-video-preview:-1\" \/>\n<link rel=\"canonical\" href=\"https:\/\/personal-aus-osteuropa.de\/en\/2023\/11\/15\/subcontractors-in-the-electrical-industry\/\" \/>\n<meta property=\"og:locale\" content=\"en_GB\" \/>\n<meta property=\"og:type\" content=\"article\" \/>\n<meta property=\"og:title\" content=\"Subunternehmer in der Elektroindustrie\" \/>\n<meta property=\"og:description\" content=\"Subunternehmer in der Elektroindustrie gesucht? Wir vermitteln Elektriker, Kabeltechniker, Solarmonteure aus Polen &amp; Osteuropa\" \/>\n<meta property=\"og:url\" content=\"https:\/\/personal-aus-osteuropa.de\/en\/2023\/11\/15\/subcontractors-in-the-electrical-industry\/\" \/>\n<meta property=\"og:site_name\" content=\"Fachkr\u00e4fte aus Osteuropa\" \/>\n<meta property=\"article:published_time\" content=\"2023-11-15T09:39:25+00:00\" \/>\n<meta property=\"article:modified_time\" content=\"2025-09-11T09:38:53+00:00\" \/>\n<meta property=\"og:image\" content=\"https:\/\/personal-aus-osteuropa.de\/wp-content\/uploads\/2023\/11\/electrician-3645069_1280.jpg\" \/>\n\t<meta property=\"og:image:width\" content=\"1280\" \/>\n\t<meta property=\"og:image:height\" content=\"853\" \/>\n\t<meta property=\"og:image:type\" content=\"image\/jpeg\" \/>\n<meta name=\"author\" content=\"Redaktion\" \/>\n<meta name=\"twitter:card\" content=\"summary_large_image\" \/>\n<meta name=\"twitter:label1\" content=\"Written by\" \/>\n\t<meta name=\"twitter:data1\" content=\"Redaktion\" \/>\n\t<meta name=\"twitter:label2\" content=\"Estimated reading time\" \/>\n\t<meta name=\"twitter:data2\" content=\"4 minutes\" \/>\n<script type=\"application\/ld+json\" class=\"yoast-schema-graph\">{\"@context\":\"https:\/\/schema.org\",\"@graph\":[{\"@type\":\"Article\",\"@id\":\"https:\/\/personal-aus-osteuropa.de\/2023\/11\/15\/subunternehmer-in-der-elektroindustrie\/#article\",\"isPartOf\":{\"@id\":\"https:\/\/personal-aus-osteuropa.de\/2023\/11\/15\/subunternehmer-in-der-elektroindustrie\/\"},\"author\":{\"name\":\"Redaktion\",\"@id\":\"https:\/\/personal-aus-osteuropa.de\/#\/schema\/person\/0ce1893350b12e877d605bbb370f7e8f\"},\"headline\":\"Subunternehmer in der Elektroindustrie\",\"datePublished\":\"2023-11-15T09:39:25+00:00\",\"dateModified\":\"2025-09-11T09:38:53+00:00\",\"mainEntityOfPage\":{\"@id\":\"https:\/\/personal-aus-osteuropa.de\/2023\/11\/15\/subunternehmer-in-der-elektroindustrie\/\"},\"wordCount\":618,\"publisher\":{\"@id\":\"https:\/\/personal-aus-osteuropa.de\/#organization\"},\"image\":{\"@id\":\"https:\/\/personal-aus-osteuropa.de\/2023\/11\/15\/subunternehmer-in-der-elektroindustrie\/#primaryimage\"},\"thumbnailUrl\":\"https:\/\/personal-aus-osteuropa.de\/wp-content\/uploads\/2023\/11\/electrician-3645069_1280.jpg\",\"articleSection\":[\"Subunternehmen\",\"Subunternehmer Vermittlung\"],\"inLanguage\":\"en-GB\"},{\"@type\":\"WebPage\",\"@id\":\"https:\/\/personal-aus-osteuropa.de\/2023\/11\/15\/subunternehmer-in-der-elektroindustrie\/\",\"url\":\"https:\/\/personal-aus-osteuropa.de\/2023\/11\/15\/subunternehmer-in-der-elektroindustrie\/\",\"name\":\"Subunternehmer in der Elektroindustrie - Industrie Elektriker\",\"isPartOf\":{\"@id\":\"https:\/\/personal-aus-osteuropa.de\/#website\"},\"primaryImageOfPage\":{\"@id\":\"https:\/\/personal-aus-osteuropa.de\/2023\/11\/15\/subunternehmer-in-der-elektroindustrie\/#primaryimage\"},\"image\":{\"@id\":\"https:\/\/personal-aus-osteuropa.de\/2023\/11\/15\/subunternehmer-in-der-elektroindustrie\/#primaryimage\"},\"thumbnailUrl\":\"https:\/\/personal-aus-osteuropa.de\/wp-content\/uploads\/2023\/11\/electrician-3645069_1280.jpg\",\"datePublished\":\"2023-11-15T09:39:25+00:00\",\"dateModified\":\"2025-09-11T09:38:53+00:00\",\"description\":\"Subunternehmer in der Elektroindustrie gesucht? Wir vermitteln Elektriker, Kabeltechniker, Solarmonteure aus Polen & Osteuropa\",\"breadcrumb\":{\"@id\":\"https:\/\/personal-aus-osteuropa.de\/2023\/11\/15\/subunternehmer-in-der-elektroindustrie\/#breadcrumb\"},\"inLanguage\":\"en-GB\",\"potentialAction\":[{\"@type\":\"ReadAction\",\"target\":[\"https:\/\/personal-aus-osteuropa.de\/2023\/11\/15\/subunternehmer-in-der-elektroindustrie\/\"]}]},{\"@type\":\"ImageObject\",\"inLanguage\":\"en-GB\",\"@id\":\"https:\/\/personal-aus-osteuropa.de\/2023\/11\/15\/subunternehmer-in-der-elektroindustrie\/#primaryimage\",\"url\":\"https:\/\/personal-aus-osteuropa.de\/wp-content\/uploads\/2023\/11\/electrician-3645069_1280.jpg\",\"contentUrl\":\"https:\/\/personal-aus-osteuropa.de\/wp-content\/uploads\/2023\/11\/electrician-3645069_1280.jpg\",\"width\":1280,\"height\":853,\"caption\":\"Subunternehmer Elektriker\"},{\"@type\":\"BreadcrumbList\",\"@id\":\"https:\/\/personal-aus-osteuropa.de\/2023\/11\/15\/subunternehmer-in-der-elektroindustrie\/#breadcrumb\",\"itemListElement\":[{\"@type\":\"ListItem\",\"position\":1,\"name\":\"Startseite\",\"item\":\"https:\/\/personal-aus-osteuropa.de\/\"},{\"@type\":\"ListItem\",\"position\":2,\"name\":\"Subunternehmer in der Elektroindustrie\"}]},{\"@type\":\"WebSite\",\"@id\":\"https:\/\/personal-aus-osteuropa.de\/#website\",\"url\":\"https:\/\/personal-aus-osteuropa.de\/\",\"name\":\"Fachkr\u00e4fte aus Osteuropa\",\"description\":\"Leiharbeiter &amp; Subunternehmer Vermittlung\",\"publisher\":{\"@id\":\"https:\/\/personal-aus-osteuropa.de\/#organization\"},\"alternateName\":\"Zeitarbeit & Werkvertr\u00e4ge Osteuropa\",\"potentialAction\":[{\"@type\":\"SearchAction\",\"target\":{\"@type\":\"EntryPoint\",\"urlTemplate\":\"https:\/\/personal-aus-osteuropa.de\/?s={search_term_string}\"},\"query-input\":{\"@type\":\"PropertyValueSpecification\",\"valueRequired\":true,\"valueName\":\"search_term_string\"}}],\"inLanguage\":\"en-GB\"},{\"@type\":\"Organization\",\"@id\":\"https:\/\/personal-aus-osteuropa.de\/#organization\",\"name\":\"Personal aus Osteuropa\",\"alternateName\":\"Zeitarbeit International s.r.o.\",\"url\":\"https:\/\/personal-aus-osteuropa.de\/\",\"logo\":{\"@type\":\"ImageObject\",\"inLanguage\":\"en-GB\",\"@id\":\"https:\/\/personal-aus-osteuropa.de\/#\/schema\/logo\/image\/\",\"url\":\"https:\/\/personal-aus-osteuropa.de\/wp-content\/uploads\/2022\/06\/logo_2.png\",\"contentUrl\":\"https:\/\/personal-aus-osteuropa.de\/wp-content\/uploads\/2022\/06\/logo_2.png\",\"width\":62,\"height\":60,\"caption\":\"Personal aus Osteuropa\"},\"image\":{\"@id\":\"https:\/\/personal-aus-osteuropa.de\/#\/schema\/logo\/image\/\"},\"description\":\"Zeitarbeit International ist ein Personaldienstleister f\u00fcr Zeitarbeit, Werkvertr\u00e4ge und Personalvermittlung von Arbeitskr\u00e4ften aus Osteuropa und Baltikum. Wir vermitteln den Unternehmen Deutschland Personal aus Osteuropa, EU L\u00e4ndern sowie Drittstaaten Personal f\u00fcr Handwerk, Bau, Industrie, Solartechnik, Medizin, Industriemontage, Maschinenverlagerungen, Elektrotechnik, Ingenieurwesen, Automobilindustrie, Metall- und Stahlbau, Produktion und Logistik. Unsere Kernkompetenz umfasst Schwei\u00dfen, Fertigung von Metallkonstruktionen, Montage, den Bau und Instandhaltung von industriellen Anlagen. Dar\u00fcber hinaus vermitteln wir flei\u00dfiges Produktionshelfer, Flie\u00dfbandarbeiter, Kontrolleure etc.\",\"email\":\"info@personal-aus-osteuropa.de\",\"telephone\":\"+49 172 7477707\",\"legalName\":\"Zeitarbeit International s.r.o.\",\"numberOfEmployees\":{\"@type\":\"QuantitativeValue\",\"minValue\":\"1\",\"maxValue\":\"10\"}},{\"@type\":\"Person\",\"@id\":\"https:\/\/personal-aus-osteuropa.de\/#\/schema\/person\/0ce1893350b12e877d605bbb370f7e8f\",\"name\":\"Redaktion\",\"image\":{\"@type\":\"ImageObject\",\"inLanguage\":\"en-GB\",\"@id\":\"https:\/\/personal-aus-osteuropa.de\/#\/schema\/person\/image\/\",\"url\":\"https:\/\/secure.gravatar.com\/avatar\/088239ed62db310e401e46f38d299325f293696786aba999c404ba1808a9cb46?s=96&d=mm&r=g\",\"contentUrl\":\"https:\/\/secure.gravatar.com\/avatar\/088239ed62db310e401e46f38d299325f293696786aba999c404ba1808a9cb46?s=96&d=mm&r=g\",\"caption\":\"Redaktion\"},\"url\":\"https:\/\/personal-aus-osteuropa.de\/en\/author\/markus\/\"}]}<\/script>\n<!-- \/ Yoast SEO Premium plugin. -->","yoast_head_json":{"title":"Subcontractors in the electrical industry - Industrial electricians","description":"Looking for a subcontractor in the electrical industry? We recruit electricians, cable technicians, solar fitters from Poland &amp; Eastern Europe","robots":{"index":"index","follow":"follow","max-snippet":"max-snippet:-1","max-image-preview":"max-image-preview:large","max-video-preview":"max-video-preview:-1"},"canonical":"https:\/\/personal-aus-osteuropa.de\/en\/2023\/11\/15\/subcontractors-in-the-electrical-industry\/","og_locale":"en_GB","og_type":"article","og_title":"Subunternehmer in der Elektroindustrie","og_description":"Subunternehmer in der Elektroindustrie gesucht? Wir vermitteln Elektriker, Kabeltechniker, Solarmonteure aus Polen & Osteuropa","og_url":"https:\/\/personal-aus-osteuropa.de\/en\/2023\/11\/15\/subcontractors-in-the-electrical-industry\/","og_site_name":"Fachkr\u00e4fte aus Osteuropa","article_published_time":"2023-11-15T09:39:25+00:00","article_modified_time":"2025-09-11T09:38:53+00:00","og_image":[{"width":1280,"height":853,"url":"https:\/\/personal-aus-osteuropa.de\/wp-content\/uploads\/2023\/11\/electrician-3645069_1280.jpg","type":"image\/jpeg"}],"author":"Redaktion","twitter_card":"summary_large_image","twitter_misc":{"Written by":"Redaktion","Estimated reading time":"4 minutes"},"schema":{"@context":"https:\/\/schema.org","@graph":[{"@type":"Article","@id":"https:\/\/personal-aus-osteuropa.de\/2023\/11\/15\/subunternehmer-in-der-elektroindustrie\/#article","isPartOf":{"@id":"https:\/\/personal-aus-osteuropa.de\/2023\/11\/15\/subunternehmer-in-der-elektroindustrie\/"},"author":{"name":"Redaktion","@id":"https:\/\/personal-aus-osteuropa.de\/#\/schema\/person\/0ce1893350b12e877d605bbb370f7e8f"},"headline":"Subunternehmer in der Elektroindustrie","datePublished":"2023-11-15T09:39:25+00:00","dateModified":"2025-09-11T09:38:53+00:00","mainEntityOfPage":{"@id":"https:\/\/personal-aus-osteuropa.de\/2023\/11\/15\/subunternehmer-in-der-elektroindustrie\/"},"wordCount":618,"publisher":{"@id":"https:\/\/personal-aus-osteuropa.de\/#organization"},"image":{"@id":"https:\/\/personal-aus-osteuropa.de\/2023\/11\/15\/subunternehmer-in-der-elektroindustrie\/#primaryimage"},"thumbnailUrl":"https:\/\/personal-aus-osteuropa.de\/wp-content\/uploads\/2023\/11\/electrician-3645069_1280.jpg","articleSection":["Subunternehmen","Subunternehmer Vermittlung"],"inLanguage":"en-GB"},{"@type":"WebPage","@id":"https:\/\/personal-aus-osteuropa.de\/2023\/11\/15\/subunternehmer-in-der-elektroindustrie\/","url":"https:\/\/personal-aus-osteuropa.de\/2023\/11\/15\/subunternehmer-in-der-elektroindustrie\/","name":"Subcontractors in the electrical industry - Industrial electricians","isPartOf":{"@id":"https:\/\/personal-aus-osteuropa.de\/#website"},"primaryImageOfPage":{"@id":"https:\/\/personal-aus-osteuropa.de\/2023\/11\/15\/subunternehmer-in-der-elektroindustrie\/#primaryimage"},"image":{"@id":"https:\/\/personal-aus-osteuropa.de\/2023\/11\/15\/subunternehmer-in-der-elektroindustrie\/#primaryimage"},"thumbnailUrl":"https:\/\/personal-aus-osteuropa.de\/wp-content\/uploads\/2023\/11\/electrician-3645069_1280.jpg","datePublished":"2023-11-15T09:39:25+00:00","dateModified":"2025-09-11T09:38:53+00:00","description":"Looking for a subcontractor in the electrical industry? We recruit electricians, cable technicians, solar fitters from Poland &amp; Eastern Europe","breadcrumb":{"@id":"https:\/\/personal-aus-osteuropa.de\/2023\/11\/15\/subunternehmer-in-der-elektroindustrie\/#breadcrumb"},"inLanguage":"en-GB","potentialAction":[{"@type":"ReadAction","target":["https:\/\/personal-aus-osteuropa.de\/2023\/11\/15\/subunternehmer-in-der-elektroindustrie\/"]}]},{"@type":"ImageObject","inLanguage":"en-GB","@id":"https:\/\/personal-aus-osteuropa.de\/2023\/11\/15\/subunternehmer-in-der-elektroindustrie\/#primaryimage","url":"https:\/\/personal-aus-osteuropa.de\/wp-content\/uploads\/2023\/11\/electrician-3645069_1280.jpg","contentUrl":"https:\/\/personal-aus-osteuropa.de\/wp-content\/uploads\/2023\/11\/electrician-3645069_1280.jpg","width":1280,"height":853,"caption":"Subunternehmer Elektriker"},{"@type":"BreadcrumbList","@id":"https:\/\/personal-aus-osteuropa.de\/2023\/11\/15\/subunternehmer-in-der-elektroindustrie\/#breadcrumb","itemListElement":[{"@type":"ListItem","position":1,"name":"Startseite","item":"https:\/\/personal-aus-osteuropa.de\/"},{"@type":"ListItem","position":2,"name":"Subunternehmer in der Elektroindustrie"}]},{"@type":"WebSite","@id":"https:\/\/personal-aus-osteuropa.de\/#website","url":"https:\/\/personal-aus-osteuropa.de\/","name":"from Eastern European EU countries","description":"Temporary workers &amp; subcontractor placement","publisher":{"@id":"https:\/\/personal-aus-osteuropa.de\/#organization"},"alternateName":"Zeitarbeit & Werkvertr\u00e4ge Osteuropa","potentialAction":[{"@type":"SearchAction","target":{"@type":"EntryPoint","urlTemplate":"https:\/\/personal-aus-osteuropa.de\/?s={search_term_string}"},"query-input":{"@type":"PropertyValueSpecification","valueRequired":true,"valueName":"search_term_string"}}],"inLanguage":"en-GB"},{"@type":"Organization","@id":"https:\/\/personal-aus-osteuropa.de\/#organization","name":"Staff from Eastern Europe","alternateName":"Zeitarbeit International s.r.o.","url":"https:\/\/personal-aus-osteuropa.de\/","logo":{"@type":"ImageObject","inLanguage":"en-GB","@id":"https:\/\/personal-aus-osteuropa.de\/#\/schema\/logo\/image\/","url":"https:\/\/personal-aus-osteuropa.de\/wp-content\/uploads\/2022\/06\/logo_2.png","contentUrl":"https:\/\/personal-aus-osteuropa.de\/wp-content\/uploads\/2022\/06\/logo_2.png","width":62,"height":60,"caption":"Personal aus Osteuropa"},"image":{"@id":"https:\/\/personal-aus-osteuropa.de\/#\/schema\/logo\/image\/"},"description":"Zeitarbeit International is a personnel service provider for temporary work, work contracts and personnel placement of labour from Eastern Europe and the Baltic States. We provide companies in Germany with personnel from Eastern Europe, EU countries and third countries for skilled trades, construction, industry, solar technology, medicine, industrial assembly, machine relocation, electrical engineering, engineering, the automotive industry, metal and steel construction, production and logistics. Our core competences include welding, manufacturing of metal constructions, assembly, construction and maintenance of industrial plants. We also provide hard-working production assistants, assembly line workers, inspectors, etc.","email":"info@personal-aus-osteuropa.de","telephone":"+49 172 7477707","legalName":"Zeitarbeit International s.r.o.","numberOfEmployees":{"@type":"QuantitativeValue","minValue":"1","maxValue":"10"}},{"@type":"Person","@id":"https:\/\/personal-aus-osteuropa.de\/#\/schema\/person\/0ce1893350b12e877d605bbb370f7e8f","name":"editorial staff","image":{"@type":"ImageObject","inLanguage":"en-GB","@id":"https:\/\/personal-aus-osteuropa.de\/#\/schema\/person\/image\/","url":"https:\/\/secure.gravatar.com\/avatar\/088239ed62db310e401e46f38d299325f293696786aba999c404ba1808a9cb46?s=96&d=mm&r=g","contentUrl":"https:\/\/secure.gravatar.com\/avatar\/088239ed62db310e401e46f38d299325f293696786aba999c404ba1808a9cb46?s=96&d=mm&r=g","caption":"Redaktion"},"url":"https:\/\/personal-aus-osteuropa.de\/en\/author\/markus\/"}]}},"_links":{"self":[{"href":"https:\/\/personal-aus-osteuropa.de\/en\/wp-json\/wp\/v2\/posts\/8495","targetHints":{"allow":["GET"]}}],"collection":[{"href":"https:\/\/personal-aus-osteuropa.de\/en\/wp-json\/wp\/v2\/posts"}],"about":[{"href":"https:\/\/personal-aus-osteuropa.de\/en\/wp-json\/wp\/v2\/types\/post"}],"author":[{"embeddable":true,"href":"https:\/\/personal-aus-osteuropa.de\/en\/wp-json\/wp\/v2\/users\/9"}],"replies":[{"embeddable":true,"href":"https:\/\/personal-aus-osteuropa.de\/en\/wp-json\/wp\/v2\/comments?post=8495"}],"version-history":[{"count":10,"href":"https:\/\/personal-aus-osteuropa.de\/en\/wp-json\/wp\/v2\/posts\/8495\/revisions"}],"predecessor-version":[{"id":19646,"href":"https:\/\/personal-aus-osteuropa.de\/en\/wp-json\/wp\/v2\/posts\/8495\/revisions\/19646"}],"wp:featuredmedia":[{"embeddable":true,"href":"https:\/\/personal-aus-osteuropa.de\/en\/wp-json\/wp\/v2\/media\/15516"}],"wp:attachment":[{"href":"https:\/\/personal-aus-osteuropa.de\/en\/wp-json\/wp\/v2\/media?parent=8495"}],"wp:term":[{"taxonomy":"category","embeddable":true,"href":"https:\/\/personal-aus-osteuropa.de\/en\/wp-json\/wp\/v2\/categories?post=8495"},{"taxonomy":"post_tag","embeddable":true,"href":"https:\/\/personal-aus-osteuropa.de\/en\/wp-json\/wp\/v2\/tags?post=8495"}],"curies":[{"name":"wp","href":"https:\/\/api.w.org\/{rel}","templated":true}]}}