{"id":7891,"date":"2023-03-09T11:27:06","date_gmt":"2023-03-09T10:27:06","guid":{"rendered":"https:\/\/personal-aus-osteuropa.de\/?p=7891"},"modified":"2025-05-23T13:50:35","modified_gmt":"2025-05-23T11:50:35","slug":"temporary-workers-from-abroad","status":"publish","type":"post","link":"https:\/\/personal-aus-osteuropa.de\/en\/2023\/03\/09\/temporary-workers-from-abroad\/","title":{"rendered":"Temporary workers from abroad - facts, myths and perspectives"},"content":{"rendered":"<div data-elementor-type=\"wp-post\" data-elementor-id=\"7891\" class=\"elementor elementor-7891\">\n\t\t\t\t\t\t<section class=\"elementor-section elementor-top-section elementor-element elementor-element-b2bacdd tstk-col-stretched-none tstk-bg-color-over-image elementor-section-boxed elementor-section-height-default elementor-section-height-default\" data-id=\"b2bacdd\" data-element_type=\"section\" data-e-type=\"section\">\n\t\t\t\t\t\t<div class=\"elementor-container elementor-column-gap-default\">\n\t\t\t\t\t<div class=\"elementor-column elementor-col-100 elementor-top-column elementor-element elementor-element-e66402c tstk-bg-color-over-image\" data-id=\"e66402c\" data-element_type=\"column\" data-e-type=\"column\">\n\t\t\t<div class=\"elementor-widget-wrap elementor-element-populated\">\n\t\t\t\t\t\t<div class=\"elementor-element elementor-element-d237cca elementor-widget elementor-widget-heading\" data-id=\"d237cca\" data-element_type=\"widget\" data-e-type=\"widget\" data-widget_type=\"heading.default\">\n\t\t\t\t<div class=\"elementor-widget-container\">\n\t\t\t\t\t<h1 class=\"elementor-heading-title elementor-size-default\">Temporary Workers from Abroad: A Win-Win Opportunity for Companies and Employees <\/h1>\t\t\t\t<\/div>\n\t\t\t\t<\/div>\n\t\t\t\t<div class=\"elementor-element elementor-element-59ea46c elementor-widget elementor-widget-text-editor\" data-id=\"59ea46c\" data-element_type=\"widget\" data-e-type=\"widget\" data-widget_type=\"text-editor.default\">\n\t\t\t\t<div class=\"elementor-widget-container\">\n\t\t\t\t\t\t\t\t\t<p><\/p><div class=\"Draggable___StyledDiv-sc-fk3pif-1 inxYld slate-Draggable\" data-slate-fragment=\"JTVCJTdCJTIydHlwZSUyMiUzQSUyMnAlMjIlMkMlMjJpZCUyMiUzQSUyMmRsM3M2JTIyJTJDJTIyY2hpbGRyZW4lMjIlM0ElNUIlN0IlMjJ0ZXh0JTIyJTNBJTIyQXJiZWl0bmVobWVyJUMzJUJDYmVybGFzc3VuZ3N2ZXJ0ciVDMyVBNGdlJTIwc2luZCUyMGVpbiUyMHdpY2h0aWdlciUyMFRlaWwlMjBkZXIlMjBBcmJlaXRzb3JkbnVuZyUyMGluJTIwVW50ZXJuZWhtZW4uJTIwU2llJTIwc3RlbGxlbiUyMGVpbmUlMjByZWNodGxpY2glMjBnZXJlZ2VsdGUlMjBWZXJlaW5iYXJ1bmclMjB6d2lzY2hlbiUyMGRlbSUyMEFyYmVpdGdlYmVyJTIwdW5kJTIwZGVtJTIwTGVpaGFyYmVpdG5laG1lciUyMGRhciUyMHVuZCUyMHNjaGFmZmVuJTIwc28lMjBlaW5lbiUyMFJhaG1lbiUyMGYlQzMlQkNyJTIwZWluZSUyMGVyZm9sZ3JlaWNoZSUyMFp1c2FtbWVuYXJiZWl0LiUyMFdvcmF1ZiUyMG0lQzMlQkNzc2VuJTIwQXJiZWl0Z2ViZXIlMjBhY2h0ZW4lMkMlMjB1bSUyMFJlY2h0ZSUyMHVuZCUyMFBmbGljaHRlbiUyMGtsYXIlMjBhYnp1Z3JlbnplbiUzRiUyMFdhcyUyMHNpbmQlMjBkaWUlMjBWb3ItJTIwdW5kJTIwTmFjaHRlaWxlJTIwc29sY2hlciUyMFZlcnRyJUMzJUE0Z2UlMjBmJUMzJUJDciUyMGJlaWRlJTIwU2VpdGVuJTNGJTIwV2lyJTIwd2lkbWVuJTIwdW5zJTIwaW0lMjBGb2xnZW5kZW4lMjBkaWVzZW0lMjBzcGFubmVuZGVuJTIwVGhlbWEhJTIwJTIyJTdEJTVEJTdEJTJDJTdCJTIydHlwZSUyMiUzQSUyMnAlMjIlMkMlMjJpZCUyMiUzQSUyMm0zenl2JTIyJTJDJTIyY2hpbGRyZW4lMjIlM0ElNUIlN0IlMjJ0ZXh0JTIyJTNBJTIyJTIyJTdEJTVEJTdEJTVE\"><div class=\"Draggable___StyledDiv5-sc-fk3pif-5 jknEbn\"><p data-slate-node=\"element\"><span data-slate-fragment=\"JTVCJTdCJTIydHlwZSUyMiUzQSUyMnAlMjIlMkMlMjJjaGlsZHJlbiUyMiUzQSU1QiU3QiUyMnRleHQlMjIlM0ElMjIlNUMlMjJMZWloYXJiZWl0ZXIlMjBhdXMlMjBkZW0lMjBBdXNsYW5kJTNBJTIwJTIwU29sbGVuJTIwYXVzbCVDMyVBNG5kaXNjaGUlMjBMZWloYXJiZWl0ZXIlMjBlaW5nZXNldHp0JTIwd2VyZGVuJTJDJTIwdW0lMjBFbmdwJUMzJUE0c3NlJTIwaW0lMjBsb2thbGVuJTIwQXJiZWl0c21hcmt0JTIwenUlMjAlQzMlQkNiZXJiciVDMyVCQ2NrZW4lM0YlMjBFaW4lMjBCbGljayUyMGhpbnRlciUyMGRpZSUyMEt1bGlzc2VuJTIwZGVyJTIwTGVpaGFyYmVpdCUyMG9mZmVuYmFydCUyMGRpZSUyMEZvbGdlbiUzQSUyMEtvc3RlbnJlZHV6aWVydW5nJTJDJTIwbWVociUyMFByb2R1a3Rpdml0JUMzJUE0dCUyMHVuZCUyMGFiZXIlMjBhdWNoJTIwc296aWFsZSUyMEdlcmVjaHRpZ2tlaXQuJTIwRXJmYWhyZW4lMjBTaWUlMjBpbiUyMGRpZXNlbSUyMEFydGlrZWwlMkMlMjB3YXJ1bSUyMGVzJTIwc2ljaCUyMGxvaG50JTJDJTIwJUMzJUJDYmVyJTIwZGFzJTIwRWluc2V0emVuJTIwdm9uJTIwTGVpaGFyYmVpdGVybiUyMGF1cyUyMGRlbSUyMEF1c2xhbmQlMjBuYWNoenVkZW5rZW4lMjB1bmQlMjB3aWUlMjBtYW4lMjBkaWVzZXMlMjBUaGVtYSUyMHZlcmFudHdvcnR1bmdzYmV3dXNzdCUyMGFuZ2VoZW4lMjBrYW5uLiUyMFdhcyUyMFNpZSUyMGVyd2FydGV0JTNBJTIwV2lyJTIwemVpZ2VuJTIwSWhuZW4lMjBlaW5lJTIwaW5ub3ZhdGl2ZSUyME0lQzMlQjZnbGljaGtlaXQlMjBtaXQlMjBGb2t1cyUyMGF1ZiUyME1lbnNjaGVucmVjaHRlJTJDJTIwR2xlaWNoYmVyZWNodGlndW5nJTIwdW5kJTIwZmFpcmUlMjBMJUMzJUI2aG5lJTIwJUUyJTgwJTkzJTIwYXUlQzMlOUZlcmRlbSUyMHZpZWxlJTIwQW5la2RvdGVuJTIwdW5kJTIwRXJmb2xnc2dlc2NoaWNodGVuISU1QyUyMiUyMiU3RCU1RCUyQyUyMmlkJTIyJTNBJTIyaHF1c2wlMjIlN0QlNUQ=\">Temporary workers from abroad: Should foreign temporary workers be used to bridge bottlenecks in the local labor market?  A look behind the scenes of temporary work reveals the consequences: cost reduction, more productivity and also social justice.  In this article you will find out why it is worth thinking about using temporary workers from abroad and how to approach this topic responsibly.  What to expect: We will show you an innovative opportunity with a focus on human rights, equality and fair wages.<\/span><\/p><\/div><\/div><div class=\"wp-block-buttons\"><p><\/p><\/div><p><!-- \/wp:buttons --><\/p>\t\t\t\t\t\t\t\t<\/div>\n\t\t\t\t<\/div>\n\t\t\t\t<div class=\"elementor-element elementor-element-1005a73 tstk-btn-shape-round tstk-btn-color-globalcolor tstk-btn-style-flat elementor-widget elementor-widget-button\" data-id=\"1005a73\" data-element_type=\"widget\" data-e-type=\"widget\" data-widget_type=\"button.default\">\n\t\t\t\t<div class=\"elementor-widget-container\">\n\t\t\t\t\t\t\t\t\t<div class=\"elementor-button-wrapper\">\n\t\t\t\t\t<a class=\"elementor-button elementor-button-link elementor-size-sm\" href=\"https:\/\/personal-aus-osteuropa.de\/en\/portfolio\/temporary-work-temporary-employment-eastern-europe\/\">\n\t\t\t\t\t\t<span class=\"elementor-button-content-wrapper\">\n\t\t\t\t\t\t\t\t\t<span class=\"elementor-button-text\">More about temp work<\/span>\n\t\t\t\t\t<\/span>\n\t\t\t\t\t<\/a>\n\t\t\t\t<\/div>\n\t\t\t\t\t\t\t\t<\/div>\n\t\t\t\t<\/div>\n\t\t\t\t<div class=\"elementor-element elementor-element-4767161 elementor-widget elementor-widget-heading\" data-id=\"4767161\" data-element_type=\"widget\" data-e-type=\"widget\" data-widget_type=\"heading.default\">\n\t\t\t\t<div class=\"elementor-widget-container\">\n\t\t\t\t\t<h2 class=\"elementor-heading-title elementor-size-default\">What are the main challenges in hiring foreign temporary workers?<\/h2>\t\t\t\t<\/div>\n\t\t\t\t<\/div>\n\t\t\t\t<div class=\"elementor-element elementor-element-8c7ca08 elementor-widget elementor-widget-text-editor\" data-id=\"8c7ca08\" data-element_type=\"widget\" data-e-type=\"widget\" data-widget_type=\"text-editor.default\">\n\t\t\t\t<div class=\"elementor-widget-container\">\n\t\t\t\t\t\t\t\t\t<p><span data-slate-fragment=\"JTVCJTdCJTIydHlwZSUyMiUzQSUyMnAlMjIlMkMlMjJpZCUyMiUzQSUyMjBiM3k2JTIyJTJDJTIyY2hpbGRyZW4lMjIlM0ElNUIlN0IlMjJ0ZXh0JTIyJTNBJTIyV2VubiUyMGR1JTIwYWxzJTIwVW50ZXJuZWhtZW4lMjAlQzMlQkNiZXIlMjBkaWUlMjBCZXNjaCVDMyVBNGZ0aWd1bmclMjB2b24lMjBMZWloYXJiZWl0ZXJuJTIwYXVzJTIwZGVtJTIwQXVzbGFuZCUyMG5hY2hkZW5rc3QlMkMlMjBpc3QlMjBlcyUyMHdpY2h0aWclMkMlMjBkYXNzJTIwZHUlMjBlaW5pZ2UlMjBBc3Bla3RlJTIwYmVkZW5rc3QuJTIwV2llJTIwamVkZSUyMGFuZGVyZSUyMEFydCUyMHZvbiUyME1pdGFyYmVpdGVybiUyMG0lQzMlQkNzc2VuJTIwTGVpaGFyYmVpdGVyJTIwYXVzJTIwZGVtJTIwQXVzbGFuZCUyMGFuZ2VtZXNzZW4lMjBiZWhhbmRlbHQlMjB3ZXJkZW4lMjB1bmQlMjBpaG5lbiUyMGRpZSUyMGdsZWljaGVuJTIwUmVjaHRlJTIwenVnZXNpY2hlcnQlMjB3ZXJkZW4uJTIwRXMlMjBnaWJ0JTIwamVkb2NoJTIwSGVyYXVzZm9yZGVydW5nZW4lMkMlMjBkaWUlMjBiZWklMjBkZXIlMjBCZXNjaCVDMyVBNGZ0aWd1bmclMjB2b24lMjBMZWloYXJiZWl0ZXJuJTIwYXVzJTIwZGVtJTIwQXVzbGFuZCUyMGJlc3RlaGVuLiUyMCUyMiU3RCU1RCU3RCU1RA==\">If you as a company are thinking about hiring temporary workers from abroad, it is important that you consider a few aspects.  Like any other type of employee, temporary workers from abroad must be treated fairly and guaranteed the same rights.  However, there are challenges that exist when employing temporary workers from abroad.<\/span><\/p><p><span data-slate-fragment=\"JTVCJTdCJTIydHlwZSUyMiUzQSUyMnAlMjIlMkMlMjJpZCUyMiUzQSUyMjBiM3k2JTIyJTJDJTIyY2hpbGRyZW4lMjIlM0ElNUIlN0IlMjJ0ZXh0JTIyJTNBJTIyRXMlMjBiZXN0ZWh0JTIwZGllJTIwSGVyYXVzZm9yZGVydW5nJTJDJTIwZ2VlaWduZXRlJTIwS2FuZGlkYXRlbiUyMHp1JTIwZmluZGVuJTIwdW5kJTIwc2llJTIwcmVjaHR6ZWl0aWclMjBlaW56dXN0ZWxsZW4uJTIwRGElMjB2aWVsZSUyMExlaWhhcmJlaXRlciUyMGF1ZmdydW5kJTIwdm9uJTIwU3ByYWNoYmFycmllcmVuJTJDJTIwS3VsdHVydW50ZXJzY2hpZWRlbiUyMHVuZCUyMGZlaGxlbmRlbSUyMFp1Z2FuZyUyMHp1JTIwT25saW5lLUJld2VyYnVuZ3NwbGF0dGZvcm1lbiUyMG5pY2h0JTIwJUMzJUJDYmVyJTIwZGFzJTIwSW50ZXJuZXQlMjBnZWZ1bmRlbiUyMHdlcmRlbiUyMGslQzMlQjZubmVuJTJDJTIwaXN0JTIwZXMlMjBub3R3ZW5kaWclMkMlMjBwZXJzJUMzJUI2bmxpY2hlJTIwTmV0endlcmtlJTIwenUlMjBudXR6ZW4lMjBvZGVyJTIwcHJvZmVzc2lvbmVsbGUlMjBSZWNydWl0aW5nLUFnZW50dXJlbiUyMHp1JTIwYmVhdWZ0cmFnZW4uJTIwQXUlQzMlOUZlcmRlbSUyMG0lQzMlQkNzc2VuJTIwVW50ZXJuZWhtZW4lMjBzaWNoZXJzdGVsbGVuJTJDJTIwZGFzcyUyMGFsbGUlMjBnZXNldHpsaWNoZW4lMjBBbmZvcmRlcnVuZ2VuJTIwZiVDMyVCQ3IlMjBkaWUlMjBFaW5zdGVsbHVuZyUyMGF1c2wlQzMlQTRuZGlzY2hlciUyME1pdGFyYmVpdGVyJTIwZXJmJUMzJUJDbGx0JTIwd2VyZGVuJTJDJTIwdW0lMjByZWNodGxpY2hlJTIwUHJvYmxlbWUlMjB6dSUyMHZlcm1laWRlbi4lMjAlMjIlN0QlNUQlN0QlNUQ=\">On the one hand, it is difficult to find suitable candidates and hire them on time.  Since many temporary workers cannot be found through the Internet due to language barriers, cultural differences and lack of access to online application platforms, it is necessary to hire professional recruitment agencies.  Also, companies must ensure that all legal requirements for hiring foreign employees are met to avoid legal problems. <\/span><\/p>\t\t\t\t\t\t\t\t<\/div>\n\t\t\t\t<\/div>\n\t\t\t\t<div class=\"elementor-element elementor-element-c080e2d tstk-btn-shape-round tstk-btn-color-globalcolor tstk-btn-style-flat elementor-widget elementor-widget-button\" data-id=\"c080e2d\" data-element_type=\"widget\" data-e-type=\"widget\" data-widget_type=\"button.default\">\n\t\t\t\t<div class=\"elementor-widget-container\">\n\t\t\t\t\t\t\t\t\t<div class=\"elementor-button-wrapper\">\n\t\t\t\t\t<a class=\"elementor-button elementor-button-link elementor-size-sm\" href=\"https:\/\/personal-aus-osteuropa.de\/en\/about-us-staff-from-eastern-europe\/\">\n\t\t\t\t\t\t<span class=\"elementor-button-content-wrapper\">\n\t\t\t\t\t\t\t\t\t<span class=\"elementor-button-text\">More about us<\/span>\n\t\t\t\t\t<\/span>\n\t\t\t\t\t<\/a>\n\t\t\t\t<\/div>\n\t\t\t\t\t\t\t\t<\/div>\n\t\t\t\t<\/div>\n\t\t\t\t<section class=\"elementor-section elementor-inner-section elementor-element elementor-element-2570d21 tstk-col-stretched-none tstk-bg-color-over-image elementor-section-boxed elementor-section-height-default elementor-section-height-default\" data-id=\"2570d21\" data-element_type=\"section\" data-e-type=\"section\">\n\t\t\t\t\t\t<div class=\"elementor-container elementor-column-gap-default\">\n\t\t\t\t\t<div class=\"elementor-column elementor-col-100 elementor-inner-column elementor-element elementor-element-8d8652d tstk-bg-color-over-image\" data-id=\"8d8652d\" data-element_type=\"column\" data-e-type=\"column\">\n\t\t\t<div class=\"elementor-widget-wrap elementor-element-populated\">\n\t\t\t\t\t\t<div class=\"elementor-element elementor-element-3b0a2f2 elementor-widget elementor-widget-heading\" data-id=\"3b0a2f2\" data-element_type=\"widget\" data-e-type=\"widget\" data-widget_type=\"heading.default\">\n\t\t\t\t<div class=\"elementor-widget-container\">\n\t\t\t\t\t<h2 class=\"elementor-heading-title elementor-size-default\">What opportunities come with employing temporary workers from abroad?<\/h2>\t\t\t\t<\/div>\n\t\t\t\t<\/div>\n\t\t\t\t<div class=\"elementor-element elementor-element-4d91e7f elementor-widget elementor-widget-text-editor\" data-id=\"4d91e7f\" data-element_type=\"widget\" data-e-type=\"widget\" data-widget_type=\"text-editor.default\">\n\t\t\t\t<div class=\"elementor-widget-container\">\n\t\t\t\t\t\t\t\t\t<p><span data-slate-fragment=\"JTVCJTdCJTIydHlwZSUyMiUzQSUyMnAlMjIlMkMlMjJpZCUyMiUzQSUyMjBiM3k2JTIyJTJDJTIyY2hpbGRyZW4lMjIlM0ElNUIlN0IlMjJ0ZXh0JTIyJTNBJTIyVW50ZXJuZWhtZW4lMjBrJUMzJUI2bm5lbiUyMGFiZXIlMjBhdWNoJTIwdmVyc2NoaWVkZW5lJTIwQ2hhbmNlbiUyMG51dHplbiUyQyUyMGluZGVtJTIwc2llJTIwTGVpaGFyYmVpdGVyJTIwYXVzJTIwZGVtJTIwQXVzbGFuZCUyMGJlc2NoJUMzJUE0ZnRpZ2VuLiUyMERpZSUyMEVpbnN0ZWxsdW5nJTIwYXVzbCVDMyVBNG5kaXNjaGVyJTIwTWl0YXJiZWl0ZXIlMjBrYW5uJTIwVW50ZXJuZWhtZW4lMjBoZWxmZW4lMkMlMjBpaHJlbiUyMEJlZGFyZiUyMGFuJTIwcXVhbGlmaXppZXJ0ZXIlMjBBcmJlaXRza3JhZnQlMjBlZmZpemllbnRlciUyMHp1JTIwZGVja2VuJTIwdW5kJTIwbmV1ZSUyMEtvbXBldGVuemZlbGRlciUyMGluJTIwRmFjaGJlcmVpY2hlbiUyMHp1JTIwZW50ZGVja2VuJTJDJTIwaW4lMjBkZW5lbiUyMGVpbmUlMjByZWdpb25hbGUlMjBBcmJlaXRza3IlQzMlQTRmdGVrbmFwcGhlaXQlMjBoZXJyc2NodC4lMjBEYXIlQzMlQkNiZXIlMjBoaW5hdXMlMjBrJUMzJUI2bm5lbiUyMFVudGVybmVobWVuJTIwaG9mZmVudGxpY2glMjB2aWVsJTIwJUMzJUJDYmVyJTIwYW5kZXJlJTIwS3VsdHVyZW4lMjBsZXJuZW4lMjB1bmQlMjBpbnRlcmt1bHR1cmVsbGUlMjBUZWFtcyUyMGJpbGRlbi4lMjAlMjIlN0QlNUQlN0QlNUQ=\">However, companies can also take advantage of various opportunities by employing temporary workers from abroad.  Hiring foreign workers can help companies more efficiently meet their skilled labor needs and discover new areas of expertise in areas where there is a regional labor shortage.  In addition, companies can hopefully learn a lot about other cultures and form intercultural teams. <\/span><\/p>\t\t\t\t\t\t\t\t<\/div>\n\t\t\t\t<\/div>\n\t\t\t\t<div class=\"elementor-element elementor-element-91ee049 elementor-widget elementor-widget-heading\" data-id=\"91ee049\" data-element_type=\"widget\" data-e-type=\"widget\" data-widget_type=\"heading.default\">\n\t\t\t\t<div class=\"elementor-widget-container\">\n\t\t\t\t\t<h2 class=\"elementor-heading-title elementor-size-default\">What are the future perspectives of international temporary employment?<\/h2>\t\t\t\t<\/div>\n\t\t\t\t<\/div>\n\t\t\t\t<div class=\"elementor-element elementor-element-d211ada elementor-widget elementor-widget-text-editor\" data-id=\"d211ada\" data-element_type=\"widget\" data-e-type=\"widget\" data-widget_type=\"text-editor.default\">\n\t\t\t\t<div class=\"elementor-widget-container\">\n\t\t\t\t\t\t\t\t\t<p><span data-slate-fragment=\"JTVCJTdCJTIydHlwZSUyMiUzQSUyMnAlMjIlMkMlMjJpZCUyMiUzQSUyMjBiM3k2JTIyJTJDJTIyY2hpbGRyZW4lMjIlM0ElNUIlN0IlMjJ0ZXh0JTIyJTNBJTIyRXMlMjBpc3QlMjBhdSVDMyU5RmVyZGVtJTIwd2ljaHRpZyUyQyUyMGRhc3MlMjBMZWloYXJiZWl0ZXIlMjBhdXMlMjBkZW0lMjBBdXNsYW5kJTIwZmFpcmUlMjBBcmJlaXRzYmVkaW5ndW5nZW4lMjBlcmhhbHRlbiUyMHVuZCUyMGFuZ2VtZXNzZW4lMjBiZXphaGx0JTIwd2VyZGVuLiUyMExhbmdmcmlzdGlnJTIwc29sbHRlbiUyMFVudGVybmVobWVuJTIwaW4lMjBCZXRyYWNodCUyMHppZWhlbiUyQyUyMExlaWhhcmJlaXRlcm4lMjBhdXMlMjBkZW0lMjBBdXNsYW5kJTIwZWluZSUyMENoYW5jZSUyMHp1JTIwZ2ViZW4lMkMlMjBpaHJlJTIwS2FycmllcmUlMjB2b3Jhbnp1dHJlaWJlbiUyMHVuZCUyMGluJTIwVm9sbHplaXRzdGVsbGVuJTIwJUMzJUJDYmVybm9tbWVuJTIwenUlMjB3ZXJkZW4lMjAtJTIwdm9yJTIwYWxsZW0lMjBkYW5uJTJDJTIwd2VubiUyMHNpY2glMjB6ZWlndCUyQyUyMGRhc3MlMjBkaWVzZSUyMEthbmRpZGF0ZW4lMjBndXQlMjBpbiUyMGRhcyUyMFRlYW0lMjBwYXNzZW4lMjB1bmQlMjBlaW5lbiUyME1laHJ3ZXJ0JTIwZiVDMyVCQ3IlMjBkYXMlMjBVbnRlcm5laG1lbiUyMHNjaGFmZmVuLiUyMCU1Q24lNUNuSW5zZ2VzYW10JTIwYmlyZ3QlMjBkaWUlMjBFaW5zdGVsbHVuZyUyMHZvbiUyMExlaWhhcmJlaXRlcm4lMjBhdXMlMjBkZW0lMjBBdXNsYW5kJTIwc293b2hsJTIwSGVyYXVzZm9yZGVydW5nJTIwYWxzJTIwYXVjaCUyMENoYW5jZW4lMjBmJUMzJUJDciUyMFVudGVybmVobWVuLiUyMEluZGVtJTIwbWFuJTIwZGllJTIwcmljaHRpZ2VuJTIwTWElQzMlOUZuYWhtZW4lMjBlcmdyZWlmdCUyMHVuZCUyMGFsbGUlMjBCZXRlaWxpZ3RlbiUyMGZhaXIlMjBiZWhhbmRlbHQlMjAtJTIwb2IlMjBNaXRhcmJlaXRlciUyMG9kZXIlMjBLdW5kZSUyMC0lMjBrJUMzJUI2bm5lbiUyMFVudGVybmVobWVuJTIwcHJvZml0YWJlbCUyMGFyYmVpdGVuZGUlMjBpbnRlcmt1bHR1cmVsbGUlMjBUZWFtcyUyMGJpbGRldCUyMHVuZCUyMHBvc2l0aXZlJTIwUGVyc3Bla3RpdmVuJTIwZiVDMyVCQ3IlMjBhbGxlJTIwc2NoYWZmdGVuLiUyMiU3RCU1RCU3RCU1RA==\">It is also important that temporary workers from abroad receive fair working conditions and are paid appropriately.  In the longer term, companies should consider giving foreign agency workers a chance to advance their careers and be hired into full-time positions, especially if these candidates prove to be a good fit for the team and add value to the company.\u00a0<\/span><\/p><p><span data-slate-fragment=\"JTVCJTdCJTIydHlwZSUyMiUzQSUyMnAlMjIlMkMlMjJpZCUyMiUzQSUyMjBiM3k2JTIyJTJDJTIyY2hpbGRyZW4lMjIlM0ElNUIlN0IlMjJ0ZXh0JTIyJTNBJTIyRXMlMjBpc3QlMjBhdSVDMyU5RmVyZGVtJTIwd2ljaHRpZyUyQyUyMGRhc3MlMjBMZWloYXJiZWl0ZXIlMjBhdXMlMjBkZW0lMjBBdXNsYW5kJTIwZmFpcmUlMjBBcmJlaXRzYmVkaW5ndW5nZW4lMjBlcmhhbHRlbiUyMHVuZCUyMGFuZ2VtZXNzZW4lMjBiZXphaGx0JTIwd2VyZGVuLiUyMExhbmdmcmlzdGlnJTIwc29sbHRlbiUyMFVudGVybmVobWVuJTIwaW4lMjBCZXRyYWNodCUyMHppZWhlbiUyQyUyMExlaWhhcmJlaXRlcm4lMjBhdXMlMjBkZW0lMjBBdXNsYW5kJTIwZWluZSUyMENoYW5jZSUyMHp1JTIwZ2ViZW4lMkMlMjBpaHJlJTIwS2FycmllcmUlMjB2b3Jhbnp1dHJlaWJlbiUyMHVuZCUyMGluJTIwVm9sbHplaXRzdGVsbGVuJTIwJUMzJUJDYmVybm9tbWVuJTIwenUlMjB3ZXJkZW4lMjAtJTIwdm9yJTIwYWxsZW0lMjBkYW5uJTJDJTIwd2VubiUyMHNpY2glMjB6ZWlndCUyQyUyMGRhc3MlMjBkaWVzZSUyMEthbmRpZGF0ZW4lMjBndXQlMjBpbiUyMGRhcyUyMFRlYW0lMjBwYXNzZW4lMjB1bmQlMjBlaW5lbiUyME1laHJ3ZXJ0JTIwZiVDMyVCQ3IlMjBkYXMlMjBVbnRlcm5laG1lbiUyMHNjaGFmZmVuLiUyMCU1Q24lNUNuSW5zZ2VzYW10JTIwYmlyZ3QlMjBkaWUlMjBFaW5zdGVsbHVuZyUyMHZvbiUyMExlaWhhcmJlaXRlcm4lMjBhdXMlMjBkZW0lMjBBdXNsYW5kJTIwc293b2hsJTIwSGVyYXVzZm9yZGVydW5nJTIwYWxzJTIwYXVjaCUyMENoYW5jZW4lMjBmJUMzJUJDciUyMFVudGVybmVobWVuLiUyMEluZGVtJTIwbWFuJTIwZGllJTIwcmljaHRpZ2VuJTIwTWElQzMlOUZuYWhtZW4lMjBlcmdyZWlmdCUyMHVuZCUyMGFsbGUlMjBCZXRlaWxpZ3RlbiUyMGZhaXIlMjBiZWhhbmRlbHQlMjAtJTIwb2IlMjBNaXRhcmJlaXRlciUyMG9kZXIlMjBLdW5kZSUyMC0lMjBrJUMzJUI2bm5lbiUyMFVudGVybmVobWVuJTIwcHJvZml0YWJlbCUyMGFyYmVpdGVuZGUlMjBpbnRlcmt1bHR1cmVsbGUlMjBUZWFtcyUyMGJpbGRldCUyMHVuZCUyMHBvc2l0aXZlJTIwUGVyc3Bla3RpdmVuJTIwZiVDMyVCQ3IlMjBhbGxlJTIwc2NoYWZmdGVuLiUyMiU3RCU1RCU3RCU1RA==\">Overall, hiring temporary workers from abroad poses both challenges and opportunities for companies.  By taking the right measures and treating everyone involved fairly - whether employee or customer - companies can form profitable intercultural teams and create positive prospects for everyone.<\/span><\/p>\t\t\t\t\t\t\t\t<\/div>\n\t\t\t\t<\/div>\n\t\t\t\t\t<\/div>\n\t\t<\/div>\n\t\t\t\t\t<\/div>\n\t\t<\/section>\n\t\t\t\t<div class=\"elementor-element elementor-element-5d8e165 tstk-btn-shape-round tstk-btn-color-globalcolor tstk-btn-style-flat elementor-widget elementor-widget-button\" data-id=\"5d8e165\" data-element_type=\"widget\" data-e-type=\"widget\" data-widget_type=\"button.default\">\n\t\t\t\t<div class=\"elementor-widget-container\">\n\t\t\t\t\t\t\t\t\t<div class=\"elementor-button-wrapper\">\n\t\t\t\t\t<a class=\"elementor-button elementor-button-link elementor-size-sm\" href=\"https:\/\/personal-aus-osteuropa.de\/en\/portfolio\/labour-leasing-temporary-employment-temporary-work-personnel-leasing-eastern-europe\/\">\n\t\t\t\t\t\t<span class=\"elementor-button-content-wrapper\">\n\t\t\t\t\t\t\t\t\t<span class=\"elementor-button-text\">what is temporary employment and how does it work?<\/span>\n\t\t\t\t\t<\/span>\n\t\t\t\t\t<\/a>\n\t\t\t\t<\/div>\n\t\t\t\t\t\t\t\t<\/div>\n\t\t\t\t<\/div>\n\t\t\t\t\t<\/div>\n\t\t<\/div>\n\t\t\t\t\t<\/div>\n\t\t<\/section>\n\t\t\t\t<section class=\"elementor-section elementor-top-section elementor-element elementor-element-3833541 tstk-col-stretched-none tstk-bg-color-over-image elementor-section-boxed elementor-section-height-default elementor-section-height-default\" data-id=\"3833541\" data-element_type=\"section\" data-e-type=\"section\">\n\t\t\t\t\t\t<div class=\"elementor-container elementor-column-gap-default\">\n\t\t\t\t\t<div class=\"elementor-column elementor-col-50 elementor-top-column elementor-element elementor-element-d413514 tstk-bg-color-over-image\" data-id=\"d413514\" data-element_type=\"column\" data-e-type=\"column\">\n\t\t\t<div class=\"elementor-widget-wrap elementor-element-populated\">\n\t\t\t\t\t\t<div class=\"elementor-element elementor-element-27ba480 elementor-hidden-mobile elementor-widget elementor-widget-image\" data-id=\"27ba480\" data-element_type=\"widget\" data-e-type=\"widget\" data-widget_type=\"image.default\">\n\t\t\t\t<div class=\"elementor-widget-container\">\n\t\t\t\t\t\t\t\t\t\t\t\t\t\t\t<img fetchpriority=\"high\" decoding=\"async\" width=\"847\" height=\"565\" src=\"https:\/\/personal-aus-osteuropa.de\/wp-content\/uploads\/2025\/02\/pexels-mikael-blomkvist-8961030-1024x683.jpg\" class=\"attachment-large size-large wp-image-13482\" alt=\"placement of teaching staff\" srcset=\"https:\/\/personal-aus-osteuropa.de\/wp-content\/uploads\/2025\/02\/pexels-mikael-blomkvist-8961030-1024x683.jpg 1024w, https:\/\/personal-aus-osteuropa.de\/wp-content\/uploads\/2025\/02\/pexels-mikael-blomkvist-8961030-300x200.jpg 300w, https:\/\/personal-aus-osteuropa.de\/wp-content\/uploads\/2025\/02\/pexels-mikael-blomkvist-8961030-768x512.jpg 768w, https:\/\/personal-aus-osteuropa.de\/wp-content\/uploads\/2025\/02\/pexels-mikael-blomkvist-8961030-1536x1024.jpg 1536w, https:\/\/personal-aus-osteuropa.de\/wp-content\/uploads\/2025\/02\/pexels-mikael-blomkvist-8961030-2048x1365.jpg 2048w, https:\/\/personal-aus-osteuropa.de\/wp-content\/uploads\/2025\/02\/pexels-mikael-blomkvist-8961030-18x12.jpg 18w, https:\/\/personal-aus-osteuropa.de\/wp-content\/uploads\/2025\/02\/pexels-mikael-blomkvist-8961030-770x513.jpg 770w\" sizes=\"(max-width: 847px) 100vw, 847px\" \/>\t\t\t\t\t\t\t\t\t\t\t\t\t\t\t<\/div>\n\t\t\t\t<\/div>\n\t\t\t\t\t<\/div>\n\t\t<\/div>\n\t\t\t\t<div class=\"elementor-column elementor-col-50 elementor-top-column elementor-element elementor-element-d90e422 tstk-bg-color-over-image\" data-id=\"d90e422\" data-element_type=\"column\" data-e-type=\"column\">\n\t\t\t<div class=\"elementor-widget-wrap elementor-element-populated\">\n\t\t\t\t\t\t<div class=\"elementor-element elementor-element-1439df9 elementor-widget elementor-widget-image\" data-id=\"1439df9\" data-element_type=\"widget\" data-e-type=\"widget\" data-widget_type=\"image.default\">\n\t\t\t\t<div class=\"elementor-widget-container\">\n\t\t\t\t\t\t\t\t\t\t\t\t\t\t\t<img decoding=\"async\" width=\"847\" height=\"565\" src=\"https:\/\/personal-aus-osteuropa.de\/wp-content\/uploads\/2025\/02\/pexels-rezwan-1216589-1-1024x683.jpg\" class=\"attachment-large size-large wp-image-13486\" alt=\"specialists from abroad\" srcset=\"https:\/\/personal-aus-osteuropa.de\/wp-content\/uploads\/2025\/02\/pexels-rezwan-1216589-1-1024x683.jpg 1024w, https:\/\/personal-aus-osteuropa.de\/wp-content\/uploads\/2025\/02\/pexels-rezwan-1216589-1-300x200.jpg 300w, https:\/\/personal-aus-osteuropa.de\/wp-content\/uploads\/2025\/02\/pexels-rezwan-1216589-1-768x512.jpg 768w, https:\/\/personal-aus-osteuropa.de\/wp-content\/uploads\/2025\/02\/pexels-rezwan-1216589-1-1536x1024.jpg 1536w, https:\/\/personal-aus-osteuropa.de\/wp-content\/uploads\/2025\/02\/pexels-rezwan-1216589-1-2048x1365.jpg 2048w, https:\/\/personal-aus-osteuropa.de\/wp-content\/uploads\/2025\/02\/pexels-rezwan-1216589-1-18x12.jpg 18w, https:\/\/personal-aus-osteuropa.de\/wp-content\/uploads\/2025\/02\/pexels-rezwan-1216589-1-770x513.jpg 770w\" sizes=\"(max-width: 847px) 100vw, 847px\" \/>\t\t\t\t\t\t\t\t\t\t\t\t\t\t\t<\/div>\n\t\t\t\t<\/div>\n\t\t\t\t\t<\/div>\n\t\t<\/div>\n\t\t\t\t\t<\/div>\n\t\t<\/section>\n\t\t\t\t<section class=\"elementor-section elementor-top-section elementor-element elementor-element-47dd266 tstk-col-stretched-none tstk-bg-color-over-image elementor-section-boxed elementor-section-height-default elementor-section-height-default\" data-id=\"47dd266\" data-element_type=\"section\" data-e-type=\"section\">\n\t\t\t\t\t\t<div class=\"elementor-container elementor-column-gap-default\">\n\t\t\t\t\t<div class=\"elementor-column elementor-col-100 elementor-top-column elementor-element elementor-element-6fba1ab tstk-bg-color-over-image\" data-id=\"6fba1ab\" data-element_type=\"column\" data-e-type=\"column\">\n\t\t\t<div class=\"elementor-widget-wrap elementor-element-populated\">\n\t\t\t\t\t\t<div class=\"elementor-element elementor-element-b94812a elementor-widget elementor-widget-heading\" data-id=\"b94812a\" data-element_type=\"widget\" data-e-type=\"widget\" data-widget_type=\"heading.default\">\n\t\t\t\t<div class=\"elementor-widget-container\">\n\t\t\t\t\t<h2 class=\"elementor-heading-title elementor-size-default\">What should companies consider when placing foreign temporary workers?<\/h2>\t\t\t\t<\/div>\n\t\t\t\t<\/div>\n\t\t\t\t<div class=\"elementor-element elementor-element-f0b8d45 elementor-widget elementor-widget-text-editor\" data-id=\"f0b8d45\" data-element_type=\"widget\" data-e-type=\"widget\" data-widget_type=\"text-editor.default\">\n\t\t\t\t<div class=\"elementor-widget-container\">\n\t\t\t\t\t\t\t\t\t<p><span data-slate-fragment=\"JTVCJTdCJTIydHlwZSUyMiUzQSUyMnAlMjIlMkMlMjJpZCUyMiUzQSUyMnhxeGg0JTIyJTJDJTIyY2hpbGRyZW4lMjIlM0ElNUIlN0IlMjJ0ZXh0JTIyJTNBJTIyJTIwTGVpaGFyYmVpdGVyJTIwc2luZCUyMGVpbiUyMHdpY2h0aWdlciUyMEZha3RvciUyMGluJTIwZGVyJTIwZ2xvYmFsaXNpZXJ0ZW4lMjBXaXJ0c2NoYWZ0LiUyMFNpZSUyMGJpZXRlbiUyMFVudGVybmVobWVuJTIwZGllJTIwTSVDMyVCNmdsaWNoa2VpdCUyQyUyMGZsZXhpYmVsJTIwYXVmJTIwc3RlaWdlbmRlJTIwb2RlciUyMHNpbmtlbmRlJTIwTmFjaGZyYWdlJTIwenUlMjByZWFnaWVyZW4lMjB1bmQlMjBkaWUlMjBQcm9kdWt0aW9uJTIwYW56dXBhc3Nlbi4lMjBMZWloYXJiZWl0ZXIlMjBrJUMzJUI2bm5lbiUyMGFiZXIlMjBhdWNoJTIwdm9yJUMzJUJDYmVyZ2VoZW5kJTIwZWluZ2VzZXR6dCUyMHdlcmRlbiUyQyUyMHVtJTIwYmVzdGltbXRlJTIwQXVmZ2FiZW4lMjB6dSUyMGVybGVkaWdlbiUyQyUyMGRpZSUyMHNvbnN0JTIwdm9uJTIwcmVndWwlQzMlQTRyZW4lMjBBbmdlc3RlbGx0ZW4lMjBlcmxlZGlndCUyMHdlcmRlbi4lMjIlN0QlNUQlN0QlNUQ=\"> Temporary workers are an important factor in the globalized economy.  They offer companies the opportunity to react flexibly to rising or falling demand and to adjust production.  However, contract workers can also be used temporarily to perform specific tasks that are otherwise performed by regular employees.<\/span><\/p><p>We from <a href=\"https:\/\/personal-aus-osteuropa.de\/en\/about-us-staff-from-eastern-europe\/\">Zeitarbeit International<\/a> are specialized in the placement of temporary workers from abroad. <span data-slate-fragment=\"JTVCJTdCJTIydHlwZSUyMiUzQSUyMnAlMjIlMkMlMjJpZCUyMiUzQSUyMnRyZnIzJTIyJTJDJTIyY2hpbGRyZW4lMjIlM0ElNUIlN0IlMjJ0ZXh0JTIyJTNBJTIyRGVyJTIwUHJvemVzcyUyMGRlciUyMFZlcm1pdHRsdW5nJTIwdm9uJTIwTGVpaGFyYmVpdG5laG1lcm4lMjBhdXMlMjBkZW0lMjBBdXNsYW5kJTIwZXJmb3JkZXJ0JTIwamVkb2NoJTIwZWluaWdlcyUyMGFuJTIwVm9yYmVyZWl0dW5nJTIwdW5kJTIwUGxhbnVuZy4lMjBIaWVyJTIwc2luZCUyMGVpbmlnZSUyMHdpY2h0aWdlJTIwQXNwZWt0ZSUyQyUyMGRpZSUyMER1JTIwYmVhY2h0ZW4lMjBzb2xsdGVzdCUzQSUyMCUyMiU3RCU1RCU3RCU1RA==\">However, the process of placing temporary workers from abroad requires some preparation and planning.  Here are some important aspects to keep in mind: <\/span><\/p>\t\t\t\t\t\t\t\t<\/div>\n\t\t\t\t<\/div>\n\t\t\t\t<div class=\"elementor-element elementor-element-1d6d86e elementor-align-start elementor-icon-list--layout-traditional elementor-list-item-link-full_width elementor-widget elementor-widget-icon-list\" data-id=\"1d6d86e\" data-element_type=\"widget\" data-e-type=\"widget\" data-widget_type=\"icon-list.default\">\n\t\t\t\t<div class=\"elementor-widget-container\">\n\t\t\t\t\t\t\t<ul class=\"elementor-icon-list-items\">\n\t\t\t\t\t\t\t<li class=\"elementor-icon-list-item\">\n\t\t\t\t\t\t\t\t\t\t\t<span class=\"elementor-icon-list-icon\">\n\t\t\t\t\t\t\t<i aria-hidden=\"true\" class=\"fas fa-check-circle\"><\/i>\t\t\t\t\t\t<\/span>\n\t\t\t\t\t\t\t\t\t\t<span class=\"elementor-icon-list-text\">Verification of the necessary work permits for work abroad<\/span>\n\t\t\t\t\t\t\t\t\t<\/li>\n\t\t\t\t\t\t\t\t<li class=\"elementor-icon-list-item\">\n\t\t\t\t\t\t\t\t\t\t\t<span class=\"elementor-icon-list-icon\">\n\t\t\t\t\t\t\t<i aria-hidden=\"true\" class=\"fas fa-check-circle\"><\/i>\t\t\t\t\t\t<\/span>\n\t\t\t\t\t\t\t\t\t\t<span class=\"elementor-icon-list-text\">A trusted local partner to help place the temporary worker. <\/span>\n\t\t\t\t\t\t\t\t\t<\/li>\n\t\t\t\t\t\t\t\t<li class=\"elementor-icon-list-item\">\n\t\t\t\t\t\t\t\t\t\t\t<span class=\"elementor-icon-list-icon\">\n\t\t\t\t\t\t\t<i aria-hidden=\"true\" class=\"fas fa-check-circle\"><\/i>\t\t\t\t\t\t<\/span>\n\t\t\t\t\t\t\t\t\t\t<span class=\"elementor-icon-list-text\">Fair pay: it is important to ensure that all the details of the employment contract are fair and legal and that agency workers are paid fairly.<\/span>\n\t\t\t\t\t\t\t\t\t<\/li>\n\t\t\t\t\t\t\t\t<li class=\"elementor-icon-list-item\">\n\t\t\t\t\t\t\t\t\t\t\t<span class=\"elementor-icon-list-icon\">\n\t\t\t\t\t\t\t<i aria-hidden=\"true\" class=\"fas fa-check-circle\"><\/i>\t\t\t\t\t\t<\/span>\n\t\t\t\t\t\t\t\t\t\t<span class=\"elementor-icon-list-text\">It is imperative that the temporary worker has sufficient information about the company culture and workflow. <\/span>\n\t\t\t\t\t\t\t\t\t<\/li>\n\t\t\t\t\t\t\t\t<li class=\"elementor-icon-list-item\">\n\t\t\t\t\t\t\t\t\t\t\t<span class=\"elementor-icon-list-icon\">\n\t\t\t\t\t\t\t<i aria-hidden=\"true\" class=\"fas fa-check-circle\"><\/i>\t\t\t\t\t\t<\/span>\n\t\t\t\t\t\t\t\t\t\t<span class=\"elementor-icon-list-text\">Installation of safety devices in the electricity network<\/span>\n\t\t\t\t\t\t\t\t\t<\/li>\n\t\t\t\t\t\t\t\t<li class=\"elementor-icon-list-item\">\n\t\t\t\t\t\t\t\t\t\t\t<span class=\"elementor-icon-list-icon\">\n\t\t\t\t\t\t\t<i aria-hidden=\"true\" class=\"fas fa-check-circle\"><\/i>\t\t\t\t\t\t<\/span>\n\t\t\t\t\t\t\t\t\t\t<span class=\"elementor-icon-list-text\">Laying cables and installing sockets<\/span>\n\t\t\t\t\t\t\t\t\t<\/li>\n\t\t\t\t\t\t\t\t<li class=\"elementor-icon-list-item\">\n\t\t\t\t\t\t\t\t\t\t\t<span class=\"elementor-icon-list-icon\">\n\t\t\t\t\t\t\t<i aria-hidden=\"true\" class=\"fas fa-check-circle\"><\/i>\t\t\t\t\t\t<\/span>\n\t\t\t\t\t\t\t\t\t\t<span class=\"elementor-icon-list-text\">Observe compliance with all legal regulations - in particular those relating to social security contributions and taxes.<\/span>\n\t\t\t\t\t\t\t\t\t<\/li>\n\t\t\t\t\t\t<\/ul>\n\t\t\t\t\t\t<\/div>\n\t\t\t\t<\/div>\n\t\t\t\t<div class=\"elementor-element elementor-element-4f3564f tstk-btn-shape-round tstk-btn-color-globalcolor tstk-btn-style-flat elementor-widget elementor-widget-button\" data-id=\"4f3564f\" data-element_type=\"widget\" data-e-type=\"widget\" data-widget_type=\"button.default\">\n\t\t\t\t<div class=\"elementor-widget-container\">\n\t\t\t\t\t\t\t\t\t<div class=\"elementor-button-wrapper\">\n\t\t\t\t\t<a class=\"elementor-button elementor-button-link elementor-size-sm\" href=\"https:\/\/personal-aus-osteuropa.de\/en\/find-staff-from-eastern-europe-request\/\">\n\t\t\t\t\t\t<span class=\"elementor-button-content-wrapper\">\n\t\t\t\t\t\t\t\t\t<span class=\"elementor-button-text\">Request temporary workers<\/span>\n\t\t\t\t\t<\/span>\n\t\t\t\t\t<\/a>\n\t\t\t\t<\/div>\n\t\t\t\t\t\t\t\t<\/div>\n\t\t\t\t<\/div>\n\t\t\t\t\t<\/div>\n\t\t<\/div>\n\t\t\t\t\t<\/div>\n\t\t<\/section>\n\t\t\t\t<section class=\"elementor-section elementor-top-section elementor-element elementor-element-bfb2772 tstk-col-stretched-none tstk-bg-color-over-image elementor-section-boxed elementor-section-height-default elementor-section-height-default\" data-id=\"bfb2772\" data-element_type=\"section\" data-e-type=\"section\">\n\t\t\t\t\t\t<div class=\"elementor-container elementor-column-gap-default\">\n\t\t\t\t\t<div class=\"elementor-column elementor-col-100 elementor-top-column elementor-element elementor-element-bfb12ff tstk-bg-color-over-image\" data-id=\"bfb12ff\" data-element_type=\"column\" data-e-type=\"column\">\n\t\t\t<div class=\"elementor-widget-wrap elementor-element-populated\">\n\t\t\t\t\t\t<div class=\"elementor-element elementor-element-dbfbca9 elementor-widget elementor-widget-heading\" data-id=\"dbfbca9\" data-element_type=\"widget\" data-e-type=\"widget\" data-widget_type=\"heading.default\">\n\t\t\t\t<div class=\"elementor-widget-container\">\n\t\t\t\t\t<h3 class=\"elementor-heading-title elementor-size-default\">Zeitarbeit International s.r.o.  - reliable partner!<\/h3>\t\t\t\t<\/div>\n\t\t\t\t<\/div>\n\t\t\t\t\t<\/div>\n\t\t<\/div>\n\t\t\t\t\t<\/div>\n\t\t<\/section>\n\t\t\t\t<section class=\"elementor-section elementor-top-section elementor-element elementor-element-fcac7d8 tstk-col-stretched-none tstk-bg-color-over-image elementor-section-boxed elementor-section-height-default elementor-section-height-default\" data-id=\"fcac7d8\" data-element_type=\"section\" data-e-type=\"section\">\n\t\t\t\t\t\t<div class=\"elementor-container elementor-column-gap-default\">\n\t\t\t\t\t<div class=\"elementor-column elementor-col-100 elementor-top-column elementor-element elementor-element-7812aac tstk-bg-color-over-image\" data-id=\"7812aac\" data-element_type=\"column\" data-e-type=\"column\">\n\t\t\t<div class=\"elementor-widget-wrap elementor-element-populated\">\n\t\t\t\t\t\t<section class=\"elementor-section elementor-inner-section elementor-element elementor-element-128ea84 tstk-col-stretched-none tstk-bg-color-over-image elementor-section-boxed elementor-section-height-default elementor-section-height-default\" data-id=\"128ea84\" data-element_type=\"section\" data-e-type=\"section\">\n\t\t\t\t\t\t<div class=\"elementor-container elementor-column-gap-default\">\n\t\t\t\t\t<div class=\"elementor-column elementor-col-50 elementor-inner-column elementor-element elementor-element-3a73ef3 tstk-bg-color-over-image\" data-id=\"3a73ef3\" data-element_type=\"column\" data-e-type=\"column\">\n\t\t\t<div class=\"elementor-widget-wrap elementor-element-populated\">\n\t\t\t\t\t\t<div class=\"elementor-element elementor-element-e709511 elementor-widget elementor-widget-text-editor\" data-id=\"e709511\" data-element_type=\"widget\" data-e-type=\"widget\" data-widget_type=\"text-editor.default\">\n\t\t\t\t<div class=\"elementor-widget-container\">\n\t\t\t\t\t\t\t\t\t<p>Since over\u00a0<a href=\"https:\/\/personal-aus-osteuropa.de\/en\/zeitarbeit-international-history\/\">25 years<\/a> we are active as temporary worker mediators.  We place personnel from almost all sectors:\u00a0<a href=\"https:\/\/personal-aus-osteuropa.de\/en\/service\/mig-mag-tig-welder-labour-leasing-eastern-europe\/\">welders<\/a>,\u00a0<a href=\"https:\/\/personal-aus-osteuropa.de\/en\/service\/locksmiths-wanted-temporary-workers-from-eastern-europe\/\" target=\"_blank\" rel=\"noopener\">and locksmiths<\/a>electrician,\u00a0<a href=\"https:\/\/personal-aus-osteuropa.de\/en\/service\/production-workers-production-assistants-from-eastern-europe-production-logistics\/\" target=\"_blank\" rel=\"noopener\">Production helpers<\/a>, fitters,\u00a0<a href=\"https:\/\/personal-aus-osteuropa.de\/en\/service\/solar-technology\/\" target=\"_blank\" rel=\"noopener\">solar experts\u00a0<\/a>as well as general <a href=\"https:\/\/personal-aus-osteuropa.de\/en\/service\/medical-staff\/\">Medical professionals<\/a> from Poland &amp; Eastern Europe.<\/p><p>Are you looking for temporary workers from abroad?\u00a0<a href=\"https:\/\/personal-aus-osteuropa.de\/en\/contact-staff-from-eastern-europe\/\" target=\"_blank\" rel=\"noopener\">Contact us<\/a>!  We look forward to cooperation!<\/p>\t\t\t\t\t\t\t\t<\/div>\n\t\t\t\t<\/div>\n\t\t\t\t<div class=\"elementor-element elementor-element-bd562cf tstk-btn-shape-round tstk-btn-color-globalcolor tstk-btn-style-flat elementor-widget elementor-widget-button\" data-id=\"bd562cf\" data-element_type=\"widget\" data-e-type=\"widget\" data-widget_type=\"button.default\">\n\t\t\t\t<div class=\"elementor-widget-container\">\n\t\t\t\t\t\t\t\t\t<div class=\"elementor-button-wrapper\">\n\t\t\t\t\t<a class=\"elementor-button elementor-button-link elementor-size-sm\" href=\"https:\/\/personal-aus-osteuropa.de\/en\/contact-staff-from-eastern-europe\/\">\n\t\t\t\t\t\t<span class=\"elementor-button-content-wrapper\">\n\t\t\t\t\t\t\t\t\t<span class=\"elementor-button-text\">Contact us<\/span>\n\t\t\t\t\t<\/span>\n\t\t\t\t\t<\/a>\n\t\t\t\t<\/div>\n\t\t\t\t\t\t\t\t<\/div>\n\t\t\t\t<\/div>\n\t\t\t\t\t<\/div>\n\t\t<\/div>\n\t\t\t\t<div class=\"elementor-column elementor-col-50 elementor-inner-column elementor-element elementor-element-2bb8c74 tstk-bg-color-over-image\" data-id=\"2bb8c74\" data-element_type=\"column\" data-e-type=\"column\">\n\t\t\t<div class=\"elementor-widget-wrap elementor-element-populated\">\n\t\t\t\t\t\t<div class=\"elementor-element elementor-element-5a0b992 elementor-widget elementor-widget-image\" data-id=\"5a0b992\" data-element_type=\"widget\" data-e-type=\"widget\" data-widget_type=\"image.default\">\n\t\t\t\t<div class=\"elementor-widget-container\">\n\t\t\t\t\t\t\t\t\t\t\t\t\t\t\t<img decoding=\"async\" width=\"1253\" height=\"836\" src=\"https:\/\/personal-aus-osteuropa.de\/wp-content\/uploads\/2022\/11\/iStock-1239771268.jpg\" class=\"attachment-2048x2048 size-2048x2048 wp-image-4383\" alt=\"Zeitarbeit International\" srcset=\"https:\/\/personal-aus-osteuropa.de\/wp-content\/uploads\/2022\/11\/iStock-1239771268.jpg 1253w, https:\/\/personal-aus-osteuropa.de\/wp-content\/uploads\/2022\/11\/iStock-1239771268-300x200.jpg 300w, https:\/\/personal-aus-osteuropa.de\/wp-content\/uploads\/2022\/11\/iStock-1239771268-1024x683.jpg 1024w, https:\/\/personal-aus-osteuropa.de\/wp-content\/uploads\/2022\/11\/iStock-1239771268-768x512.jpg 768w, https:\/\/personal-aus-osteuropa.de\/wp-content\/uploads\/2022\/11\/iStock-1239771268-770x514.jpg 770w\" sizes=\"(max-width: 1253px) 100vw, 1253px\" \/>\t\t\t\t\t\t\t\t\t\t\t\t\t\t\t<\/div>\n\t\t\t\t<\/div>\n\t\t\t\t\t<\/div>\n\t\t<\/div>\n\t\t\t\t\t<\/div>\n\t\t<\/section>\n\t\t\t\t\t<\/div>\n\t\t<\/div>\n\t\t\t\t\t<\/div>\n\t\t<\/section>\n\t\t\t\t<\/div>","protected":false},"excerpt":{"rendered":"<p>Temporary workers from abroad: An opportunity for companies and employees! Temporary workers from abroad: Should foreign temporary workers be used to bridge bottlenecks in the local labour market? A look behind the scenes of temporary labour reveals the consequences: Cost reduction, more productivity and also social justice. Read this article to find out why it is worth considering the use of temporary workers from abroad and how this issue can be approached responsibly.<\/p>","protected":false},"author":9,"featured_media":18221,"comment_status":"closed","ping_status":"closed","sticky":false,"template":"","format":"standard","meta":{"_acf_changed":false,"footnotes":""},"categories":[1],"tags":[],"class_list":["post-7891","post","type-post","status-publish","format-standard","has-post-thumbnail","hentry","category-uncategorized"],"acf":[],"yoast_head":"<!-- This site is optimized with the Yoast SEO Premium plugin v26.8 (Yoast SEO v26.8) - https:\/\/yoast.com\/product\/yoast-seo-premium-wordpress\/ -->\n<title>Leiharbeiter aus dem Ausland - Fakten, Mythen und Perspektiven<\/title>\n<meta name=\"description\" content=\"Suchen Sie Leiharbeiter aus dem Ausland? Erfahren Sie \u00fcber die Herausforderungen, Chancen, Perspektiven f\u00fcr ausl\u00e4ndische Leiharbeiter\" \/>\n<meta name=\"robots\" content=\"index, follow, max-snippet:-1, max-image-preview:large, max-video-preview:-1\" \/>\n<link rel=\"canonical\" href=\"https:\/\/personal-aus-osteuropa.de\/en\/2023\/03\/09\/temporary-workers-from-abroad\/\" \/>\n<meta property=\"og:locale\" content=\"en_GB\" \/>\n<meta property=\"og:type\" content=\"article\" \/>\n<meta property=\"og:title\" content=\"Leiharbeiter aus dem Ausland - Fakten, Mythen und Perspektiven\" \/>\n<meta property=\"og:description\" content=\"Suchen Sie Leiharbeiter aus dem Ausland? Erfahren Sie \u00fcber die Herausforderungen, Chancen, Perspektiven f\u00fcr ausl\u00e4ndische Leiharbeiter\" \/>\n<meta property=\"og:url\" content=\"https:\/\/personal-aus-osteuropa.de\/en\/2023\/03\/09\/temporary-workers-from-abroad\/\" \/>\n<meta property=\"og:site_name\" content=\"Fachkr\u00e4fte aus Osteuropa\" \/>\n<meta property=\"article:published_time\" content=\"2023-03-09T10:27:06+00:00\" \/>\n<meta property=\"article:modified_time\" content=\"2025-05-23T11:50:35+00:00\" \/>\n<meta property=\"og:image\" content=\"https:\/\/personal-aus-osteuropa.de\/wp-content\/uploads\/2023\/03\/getty-images-rfz9orv7rYE-unsplash-scaled.jpg\" \/>\n\t<meta property=\"og:image:width\" content=\"2560\" \/>\n\t<meta property=\"og:image:height\" content=\"1707\" \/>\n\t<meta property=\"og:image:type\" content=\"image\/jpeg\" \/>\n<meta name=\"author\" content=\"Redaktion\" \/>\n<meta name=\"twitter:card\" content=\"summary_large_image\" \/>\n<meta name=\"twitter:label1\" content=\"Written by\" \/>\n\t<meta name=\"twitter:data1\" content=\"Redaktion\" \/>\n\t<meta name=\"twitter:label2\" content=\"Estimated reading time\" \/>\n\t<meta name=\"twitter:data2\" content=\"5 minutes\" \/>\n<script type=\"application\/ld+json\" class=\"yoast-schema-graph\">{\"@context\":\"https:\/\/schema.org\",\"@graph\":[{\"@type\":\"Article\",\"@id\":\"https:\/\/personal-aus-osteuropa.de\/2023\/03\/09\/leiharbeiter-aus-dem-ausland\/#article\",\"isPartOf\":{\"@id\":\"https:\/\/personal-aus-osteuropa.de\/2023\/03\/09\/leiharbeiter-aus-dem-ausland\/\"},\"author\":{\"name\":\"Redaktion\",\"@id\":\"https:\/\/personal-aus-osteuropa.de\/#\/schema\/person\/0ce1893350b12e877d605bbb370f7e8f\"},\"headline\":\"Leiharbeiter aus dem Ausland &#8211; Fakten, Mythen und Perspektiven\",\"datePublished\":\"2023-03-09T10:27:06+00:00\",\"dateModified\":\"2025-05-23T11:50:35+00:00\",\"mainEntityOfPage\":{\"@id\":\"https:\/\/personal-aus-osteuropa.de\/2023\/03\/09\/leiharbeiter-aus-dem-ausland\/\"},\"wordCount\":663,\"publisher\":{\"@id\":\"https:\/\/personal-aus-osteuropa.de\/#organization\"},\"image\":{\"@id\":\"https:\/\/personal-aus-osteuropa.de\/2023\/03\/09\/leiharbeiter-aus-dem-ausland\/#primaryimage\"},\"thumbnailUrl\":\"https:\/\/personal-aus-osteuropa.de\/wp-content\/uploads\/2023\/03\/getty-images-rfz9orv7rYE-unsplash-scaled.jpg\",\"articleSection\":[\"Uncategorized\"],\"inLanguage\":\"en-GB\"},{\"@type\":\"WebPage\",\"@id\":\"https:\/\/personal-aus-osteuropa.de\/2023\/03\/09\/leiharbeiter-aus-dem-ausland\/\",\"url\":\"https:\/\/personal-aus-osteuropa.de\/2023\/03\/09\/leiharbeiter-aus-dem-ausland\/\",\"name\":\"Leiharbeiter aus dem Ausland - Fakten, Mythen und Perspektiven\",\"isPartOf\":{\"@id\":\"https:\/\/personal-aus-osteuropa.de\/#website\"},\"primaryImageOfPage\":{\"@id\":\"https:\/\/personal-aus-osteuropa.de\/2023\/03\/09\/leiharbeiter-aus-dem-ausland\/#primaryimage\"},\"image\":{\"@id\":\"https:\/\/personal-aus-osteuropa.de\/2023\/03\/09\/leiharbeiter-aus-dem-ausland\/#primaryimage\"},\"thumbnailUrl\":\"https:\/\/personal-aus-osteuropa.de\/wp-content\/uploads\/2023\/03\/getty-images-rfz9orv7rYE-unsplash-scaled.jpg\",\"datePublished\":\"2023-03-09T10:27:06+00:00\",\"dateModified\":\"2025-05-23T11:50:35+00:00\",\"description\":\"Suchen Sie Leiharbeiter aus dem Ausland? Erfahren Sie \u00fcber die Herausforderungen, Chancen, Perspektiven f\u00fcr ausl\u00e4ndische Leiharbeiter\",\"breadcrumb\":{\"@id\":\"https:\/\/personal-aus-osteuropa.de\/2023\/03\/09\/leiharbeiter-aus-dem-ausland\/#breadcrumb\"},\"inLanguage\":\"en-GB\",\"potentialAction\":[{\"@type\":\"ReadAction\",\"target\":[\"https:\/\/personal-aus-osteuropa.de\/2023\/03\/09\/leiharbeiter-aus-dem-ausland\/\"]}]},{\"@type\":\"ImageObject\",\"inLanguage\":\"en-GB\",\"@id\":\"https:\/\/personal-aus-osteuropa.de\/2023\/03\/09\/leiharbeiter-aus-dem-ausland\/#primaryimage\",\"url\":\"https:\/\/personal-aus-osteuropa.de\/wp-content\/uploads\/2023\/03\/getty-images-rfz9orv7rYE-unsplash-scaled.jpg\",\"contentUrl\":\"https:\/\/personal-aus-osteuropa.de\/wp-content\/uploads\/2023\/03\/getty-images-rfz9orv7rYE-unsplash-scaled.jpg\",\"width\":2560,\"height\":1707},{\"@type\":\"BreadcrumbList\",\"@id\":\"https:\/\/personal-aus-osteuropa.de\/2023\/03\/09\/leiharbeiter-aus-dem-ausland\/#breadcrumb\",\"itemListElement\":[{\"@type\":\"ListItem\",\"position\":1,\"name\":\"Startseite\",\"item\":\"https:\/\/personal-aus-osteuropa.de\/\"},{\"@type\":\"ListItem\",\"position\":2,\"name\":\"Leiharbeiter aus dem Ausland &#8211; Fakten, Mythen und Perspektiven\"}]},{\"@type\":\"WebSite\",\"@id\":\"https:\/\/personal-aus-osteuropa.de\/#website\",\"url\":\"https:\/\/personal-aus-osteuropa.de\/\",\"name\":\"Fachkr\u00e4fte aus Osteuropa\",\"description\":\"Leiharbeiter &amp; Subunternehmer Vermittlung\",\"publisher\":{\"@id\":\"https:\/\/personal-aus-osteuropa.de\/#organization\"},\"alternateName\":\"Zeitarbeit & Werkvertr\u00e4ge Osteuropa\",\"potentialAction\":[{\"@type\":\"SearchAction\",\"target\":{\"@type\":\"EntryPoint\",\"urlTemplate\":\"https:\/\/personal-aus-osteuropa.de\/?s={search_term_string}\"},\"query-input\":{\"@type\":\"PropertyValueSpecification\",\"valueRequired\":true,\"valueName\":\"search_term_string\"}}],\"inLanguage\":\"en-GB\"},{\"@type\":\"Organization\",\"@id\":\"https:\/\/personal-aus-osteuropa.de\/#organization\",\"name\":\"Personal aus Osteuropa\",\"alternateName\":\"Zeitarbeit International s.r.o.\",\"url\":\"https:\/\/personal-aus-osteuropa.de\/\",\"logo\":{\"@type\":\"ImageObject\",\"inLanguage\":\"en-GB\",\"@id\":\"https:\/\/personal-aus-osteuropa.de\/#\/schema\/logo\/image\/\",\"url\":\"https:\/\/personal-aus-osteuropa.de\/wp-content\/uploads\/2022\/06\/logo_2.png\",\"contentUrl\":\"https:\/\/personal-aus-osteuropa.de\/wp-content\/uploads\/2022\/06\/logo_2.png\",\"width\":62,\"height\":60,\"caption\":\"Personal aus Osteuropa\"},\"image\":{\"@id\":\"https:\/\/personal-aus-osteuropa.de\/#\/schema\/logo\/image\/\"},\"description\":\"Zeitarbeit International ist ein Personaldienstleister f\u00fcr Zeitarbeit, Werkvertr\u00e4ge und Personalvermittlung von Arbeitskr\u00e4ften aus Osteuropa und Baltikum. Wir vermitteln den Unternehmen Deutschland Personal aus Osteuropa, EU L\u00e4ndern sowie Drittstaaten Personal f\u00fcr Handwerk, Bau, Industrie, Solartechnik, Medizin, Industriemontage, Maschinenverlagerungen, Elektrotechnik, Ingenieurwesen, Automobilindustrie, Metall- und Stahlbau, Produktion und Logistik. Unsere Kernkompetenz umfasst Schwei\u00dfen, Fertigung von Metallkonstruktionen, Montage, den Bau und Instandhaltung von industriellen Anlagen. Dar\u00fcber hinaus vermitteln wir flei\u00dfiges Produktionshelfer, Flie\u00dfbandarbeiter, Kontrolleure etc.\",\"email\":\"info@personal-aus-osteuropa.de\",\"telephone\":\"+49 172 7477707\",\"legalName\":\"Zeitarbeit International s.r.o.\",\"numberOfEmployees\":{\"@type\":\"QuantitativeValue\",\"minValue\":\"1\",\"maxValue\":\"10\"}},{\"@type\":\"Person\",\"@id\":\"https:\/\/personal-aus-osteuropa.de\/#\/schema\/person\/0ce1893350b12e877d605bbb370f7e8f\",\"name\":\"Redaktion\",\"image\":{\"@type\":\"ImageObject\",\"inLanguage\":\"en-GB\",\"@id\":\"https:\/\/personal-aus-osteuropa.de\/#\/schema\/person\/image\/\",\"url\":\"https:\/\/secure.gravatar.com\/avatar\/088239ed62db310e401e46f38d299325f293696786aba999c404ba1808a9cb46?s=96&d=mm&r=g\",\"contentUrl\":\"https:\/\/secure.gravatar.com\/avatar\/088239ed62db310e401e46f38d299325f293696786aba999c404ba1808a9cb46?s=96&d=mm&r=g\",\"caption\":\"Redaktion\"},\"url\":\"https:\/\/personal-aus-osteuropa.de\/en\/author\/markus\/\"}]}<\/script>\n<!-- \/ Yoast SEO Premium plugin. -->","yoast_head_json":{"title":"Temporary workers from abroad - facts, myths and perspectives","description":"Are you looking for temporary workers from abroad? Find out about the challenges, opportunities and prospects for foreign temporary workers","robots":{"index":"index","follow":"follow","max-snippet":"max-snippet:-1","max-image-preview":"max-image-preview:large","max-video-preview":"max-video-preview:-1"},"canonical":"https:\/\/personal-aus-osteuropa.de\/en\/2023\/03\/09\/temporary-workers-from-abroad\/","og_locale":"en_GB","og_type":"article","og_title":"Leiharbeiter aus dem Ausland - Fakten, Mythen und Perspektiven","og_description":"Suchen Sie Leiharbeiter aus dem Ausland? Erfahren Sie \u00fcber die Herausforderungen, Chancen, Perspektiven f\u00fcr ausl\u00e4ndische Leiharbeiter","og_url":"https:\/\/personal-aus-osteuropa.de\/en\/2023\/03\/09\/temporary-workers-from-abroad\/","og_site_name":"Fachkr\u00e4fte aus Osteuropa","article_published_time":"2023-03-09T10:27:06+00:00","article_modified_time":"2025-05-23T11:50:35+00:00","og_image":[{"width":2560,"height":1707,"url":"https:\/\/personal-aus-osteuropa.de\/wp-content\/uploads\/2023\/03\/getty-images-rfz9orv7rYE-unsplash-scaled.jpg","type":"image\/jpeg"}],"author":"Redaktion","twitter_card":"summary_large_image","twitter_misc":{"Written by":"Redaktion","Estimated reading time":"5 minutes"},"schema":{"@context":"https:\/\/schema.org","@graph":[{"@type":"Article","@id":"https:\/\/personal-aus-osteuropa.de\/2023\/03\/09\/leiharbeiter-aus-dem-ausland\/#article","isPartOf":{"@id":"https:\/\/personal-aus-osteuropa.de\/2023\/03\/09\/leiharbeiter-aus-dem-ausland\/"},"author":{"name":"Redaktion","@id":"https:\/\/personal-aus-osteuropa.de\/#\/schema\/person\/0ce1893350b12e877d605bbb370f7e8f"},"headline":"Leiharbeiter aus dem Ausland &#8211; Fakten, Mythen und Perspektiven","datePublished":"2023-03-09T10:27:06+00:00","dateModified":"2025-05-23T11:50:35+00:00","mainEntityOfPage":{"@id":"https:\/\/personal-aus-osteuropa.de\/2023\/03\/09\/leiharbeiter-aus-dem-ausland\/"},"wordCount":663,"publisher":{"@id":"https:\/\/personal-aus-osteuropa.de\/#organization"},"image":{"@id":"https:\/\/personal-aus-osteuropa.de\/2023\/03\/09\/leiharbeiter-aus-dem-ausland\/#primaryimage"},"thumbnailUrl":"https:\/\/personal-aus-osteuropa.de\/wp-content\/uploads\/2023\/03\/getty-images-rfz9orv7rYE-unsplash-scaled.jpg","articleSection":["Uncategorized"],"inLanguage":"en-GB"},{"@type":"WebPage","@id":"https:\/\/personal-aus-osteuropa.de\/2023\/03\/09\/leiharbeiter-aus-dem-ausland\/","url":"https:\/\/personal-aus-osteuropa.de\/2023\/03\/09\/leiharbeiter-aus-dem-ausland\/","name":"Temporary workers from abroad - facts, myths and perspectives","isPartOf":{"@id":"https:\/\/personal-aus-osteuropa.de\/#website"},"primaryImageOfPage":{"@id":"https:\/\/personal-aus-osteuropa.de\/2023\/03\/09\/leiharbeiter-aus-dem-ausland\/#primaryimage"},"image":{"@id":"https:\/\/personal-aus-osteuropa.de\/2023\/03\/09\/leiharbeiter-aus-dem-ausland\/#primaryimage"},"thumbnailUrl":"https:\/\/personal-aus-osteuropa.de\/wp-content\/uploads\/2023\/03\/getty-images-rfz9orv7rYE-unsplash-scaled.jpg","datePublished":"2023-03-09T10:27:06+00:00","dateModified":"2025-05-23T11:50:35+00:00","description":"Are you looking for temporary workers from abroad? Find out about the challenges, opportunities and prospects for foreign temporary workers","breadcrumb":{"@id":"https:\/\/personal-aus-osteuropa.de\/2023\/03\/09\/leiharbeiter-aus-dem-ausland\/#breadcrumb"},"inLanguage":"en-GB","potentialAction":[{"@type":"ReadAction","target":["https:\/\/personal-aus-osteuropa.de\/2023\/03\/09\/leiharbeiter-aus-dem-ausland\/"]}]},{"@type":"ImageObject","inLanguage":"en-GB","@id":"https:\/\/personal-aus-osteuropa.de\/2023\/03\/09\/leiharbeiter-aus-dem-ausland\/#primaryimage","url":"https:\/\/personal-aus-osteuropa.de\/wp-content\/uploads\/2023\/03\/getty-images-rfz9orv7rYE-unsplash-scaled.jpg","contentUrl":"https:\/\/personal-aus-osteuropa.de\/wp-content\/uploads\/2023\/03\/getty-images-rfz9orv7rYE-unsplash-scaled.jpg","width":2560,"height":1707},{"@type":"BreadcrumbList","@id":"https:\/\/personal-aus-osteuropa.de\/2023\/03\/09\/leiharbeiter-aus-dem-ausland\/#breadcrumb","itemListElement":[{"@type":"ListItem","position":1,"name":"Startseite","item":"https:\/\/personal-aus-osteuropa.de\/"},{"@type":"ListItem","position":2,"name":"Leiharbeiter aus dem Ausland &#8211; Fakten, Mythen und Perspektiven"}]},{"@type":"WebSite","@id":"https:\/\/personal-aus-osteuropa.de\/#website","url":"https:\/\/personal-aus-osteuropa.de\/","name":"from Eastern European EU countries","description":"Temporary workers &amp; subcontractor placement","publisher":{"@id":"https:\/\/personal-aus-osteuropa.de\/#organization"},"alternateName":"Zeitarbeit & Werkvertr\u00e4ge Osteuropa","potentialAction":[{"@type":"SearchAction","target":{"@type":"EntryPoint","urlTemplate":"https:\/\/personal-aus-osteuropa.de\/?s={search_term_string}"},"query-input":{"@type":"PropertyValueSpecification","valueRequired":true,"valueName":"search_term_string"}}],"inLanguage":"en-GB"},{"@type":"Organization","@id":"https:\/\/personal-aus-osteuropa.de\/#organization","name":"Staff from Eastern Europe","alternateName":"Zeitarbeit International s.r.o.","url":"https:\/\/personal-aus-osteuropa.de\/","logo":{"@type":"ImageObject","inLanguage":"en-GB","@id":"https:\/\/personal-aus-osteuropa.de\/#\/schema\/logo\/image\/","url":"https:\/\/personal-aus-osteuropa.de\/wp-content\/uploads\/2022\/06\/logo_2.png","contentUrl":"https:\/\/personal-aus-osteuropa.de\/wp-content\/uploads\/2022\/06\/logo_2.png","width":62,"height":60,"caption":"Personal aus Osteuropa"},"image":{"@id":"https:\/\/personal-aus-osteuropa.de\/#\/schema\/logo\/image\/"},"description":"Zeitarbeit International is a personnel service provider for temporary work, work contracts and personnel placement of labour from Eastern Europe and the Baltic States. We provide companies in Germany with personnel from Eastern Europe, EU countries and third countries for skilled trades, construction, industry, solar technology, medicine, industrial assembly, machine relocation, electrical engineering, engineering, the automotive industry, metal and steel construction, production and logistics. Our core competences include welding, manufacturing of metal constructions, assembly, construction and maintenance of industrial plants. We also provide hard-working production assistants, assembly line workers, inspectors, etc.","email":"info@personal-aus-osteuropa.de","telephone":"+49 172 7477707","legalName":"Zeitarbeit International s.r.o.","numberOfEmployees":{"@type":"QuantitativeValue","minValue":"1","maxValue":"10"}},{"@type":"Person","@id":"https:\/\/personal-aus-osteuropa.de\/#\/schema\/person\/0ce1893350b12e877d605bbb370f7e8f","name":"editorial staff","image":{"@type":"ImageObject","inLanguage":"en-GB","@id":"https:\/\/personal-aus-osteuropa.de\/#\/schema\/person\/image\/","url":"https:\/\/secure.gravatar.com\/avatar\/088239ed62db310e401e46f38d299325f293696786aba999c404ba1808a9cb46?s=96&d=mm&r=g","contentUrl":"https:\/\/secure.gravatar.com\/avatar\/088239ed62db310e401e46f38d299325f293696786aba999c404ba1808a9cb46?s=96&d=mm&r=g","caption":"Redaktion"},"url":"https:\/\/personal-aus-osteuropa.de\/en\/author\/markus\/"}]}},"_links":{"self":[{"href":"https:\/\/personal-aus-osteuropa.de\/en\/wp-json\/wp\/v2\/posts\/7891","targetHints":{"allow":["GET"]}}],"collection":[{"href":"https:\/\/personal-aus-osteuropa.de\/en\/wp-json\/wp\/v2\/posts"}],"about":[{"href":"https:\/\/personal-aus-osteuropa.de\/en\/wp-json\/wp\/v2\/types\/post"}],"author":[{"embeddable":true,"href":"https:\/\/personal-aus-osteuropa.de\/en\/wp-json\/wp\/v2\/users\/9"}],"replies":[{"embeddable":true,"href":"https:\/\/personal-aus-osteuropa.de\/en\/wp-json\/wp\/v2\/comments?post=7891"}],"version-history":[{"count":10,"href":"https:\/\/personal-aus-osteuropa.de\/en\/wp-json\/wp\/v2\/posts\/7891\/revisions"}],"predecessor-version":[{"id":18222,"href":"https:\/\/personal-aus-osteuropa.de\/en\/wp-json\/wp\/v2\/posts\/7891\/revisions\/18222"}],"wp:featuredmedia":[{"embeddable":true,"href":"https:\/\/personal-aus-osteuropa.de\/en\/wp-json\/wp\/v2\/media\/18221"}],"wp:attachment":[{"href":"https:\/\/personal-aus-osteuropa.de\/en\/wp-json\/wp\/v2\/media?parent=7891"}],"wp:term":[{"taxonomy":"category","embeddable":true,"href":"https:\/\/personal-aus-osteuropa.de\/en\/wp-json\/wp\/v2\/categories?post=7891"},{"taxonomy":"post_tag","embeddable":true,"href":"https:\/\/personal-aus-osteuropa.de\/en\/wp-json\/wp\/v2\/tags?post=7891"}],"curies":[{"name":"wp","href":"https:\/\/api.w.org\/{rel}","templated":true}]}}