{"id":17290,"date":"2025-04-25T10:13:04","date_gmt":"2025-04-25T08:13:04","guid":{"rendered":"https:\/\/personal-aus-osteuropa.de\/?p=17290"},"modified":"2025-05-24T12:12:41","modified_gmt":"2025-05-24T10:12:41","slug":"electrician-or-electronics-technician-the-electrical-profession-itself","status":"publish","type":"post","link":"https:\/\/personal-aus-osteuropa.de\/en\/2025\/04\/25\/electrician-or-electronics-technician-the-electrical-profession-itself\/","title":{"rendered":"Electrician or Technician \u2013 Understanding the Roles"},"content":{"rendered":"<h2 class=\"wp-block-heading\" id=\"h-elektriker-oder-elektroniker-der-elektrikerberuf-selbst\">Electrician or Technician \u2013 Understanding the Roles<\/h2>\n\n\n\n<p>Electrician or electronics technician, which is correct and what is the difference? What does the profession of an electrician look like and how is it integrated into industry sectors and the skilled trades? These are the questions that we want to take a closer look at in this article.<\/p>\n\n\n\n<div class=\"wp-block-yoast-seo-table-of-contents yoast-table-of-contents\"><h2>Table of contents<\/h2><ul><li><a href=\"#h-elektriker-oder-elektroniker-der-elektrikerberuf-selbst\" data-level=\"2\">Electrician or Technician \u2013 Understanding the Roles<\/a><\/li><li><a href=\"#h-warum-sind-elektroniker-die-neuen-elektriker\" data-level=\"2\">Why are electronics technicians replacing electricians?<\/a><\/li><li><a href=\"#h-was-bedeutet-die-berufsbezeichnung-elektriker\" data-level=\"2\">What does the job title \"electrician\" really mean?<\/a><\/li><li><a href=\"#h-welche-spezialisierung-ist-die-richtige\" data-level=\"2\">Which electrician specialisation is right for you?<\/a><\/li><li><a href=\"#h-elektrikerberuf-im-handwerk-oder-industrie\" data-level=\"2\">Electrician in trade or industry?<\/a><\/li><li><a href=\"#h-was-macht-der-elektriker-in-der-industrie\" data-level=\"2\">What does an electrician do in the industrial sector?<\/a><\/li><\/ul><\/div>\n\n\n\n<h2 class=\"wp-block-heading\" id=\"h-warum-sind-elektroniker-die-neuen-elektriker\">Why are electronics technicians replacing electricians?<\/h2>\n\n\n\n<p>Electricity grids are important for our entire society, from industry and commerce to the lives of each and every one of us. Accordingly, they are needed constantly and everywhere. At the same time, power grids are incredibly dangerous. While the 12 V for the smartphone charger looks harmless, the 230 V and 380 V networks are life-threatening. This means that work with them should only be carried out by trained specialists. Accordingly, there are also different training programs, each with their own career paths and areas of responsibility.<\/p>\n\n\n\n<p>With rapid development, constantly new requirements and ever newer technology, activities and professional fields are also changing. Therefore, the <strong>electrician profession <\/strong>is constantly evolving \u2013 with new specialisations emerging and ever-stricter safety regulations that must be followed on the job.<\/p>\n\n\n\n<p>In the beginning there were electrical systems, but this has developed into consumer electronics and now IT technology. So the electrical professions today are <strong>electronics professions <\/strong>or professions of<strong> electrical engineering<\/strong> and some of them even professions of<strong> electrical information technology<\/strong>.<\/p>\n\n\n\n<p>This was accompanied by a change in terminology. Today there are <strong>mechatronics engineers, electrical engineers and telecommunications electronics engineers.<\/strong> This turned the good old electricians into the electricians of today - <strong>electronics technicians<\/strong>.<\/p>\n\n\n\n<h2 class=\"wp-block-heading\" id=\"h-was-bedeutet-die-berufsbezeichnung-elektriker\">What does the job title \"electrician\" really mean?<\/h2>\n\n\n\n<p>So why is there still the <a href=\"https:\/\/personal-aus-osteuropa.de\/en\/2025\/04\/07\/what-is-an-electrician\/\" target=\"_blank\" rel=\"noreferrer noopener\">the term \"electrician<\/a>\"? Because old designations simply die out with difficulty. For example, there are still job advertisements with the word \"electrician\" or \"qualified electrician\". There is nothing wrong with that. However, it must be understood that these electricians, like all electronics technicians today, carry out all electrical installations, maintain and repair the systems and update them if necessary. This applies to simple cable installations as well as modern information and automation technology and infrastructure systems.<\/p>\n\n\n\n<p>With so many specialisations and the change from electrician to electronics technician, there are now much longer job titles. These titles combine the main profession with a specific specialisation. So today, you might become an electronics technician for, say, industrial engineering.<\/p>\n\n\n\n<p>The reason for such a long job title is the simplicity associated with it. Every electrician or electronics technician must have the same basic knowledge. Then there are the specialisations that they have chosen for themselves. This results in a longer job title, which may sound complicated, but is easy to understand due to its composition. It shows at first glance which area the respective electrician is qualified for.<\/p>\n\n\n\n<h2 class=\"wp-block-heading\" id=\"h-welche-spezialisierung-ist-die-richtige\">Which electrician specialisation is right for you?<\/h2>\n\n\n\n<p>For prospective electricians, this multitude of possible specialisations raises the question of which one is right for them. Life is a little unfair here. Before even the slightest amount of experience has been gained, the prospective trainee has to decide in favour of a future that is difficult to judge. That's why we provide a little help here.<\/p>\n\n\n\n<p><strong>Three criteria should be considered when choosing a specialisation. These are the salary, the company and the job itself.<\/strong> <\/p>\n\n\n\n<ul class=\"wp-block-list\">\n<li>The <strong>Remuneration: <\/strong>Although this is basically in the same range, there are some specialisations that are more in demand and are therefore paid more. It is worth taking a look at the vacancies and the forecasts to see which electricians will be most in demand in the near future.<\/li>\n\n\n\n<li>Another question is the <strong>company -<\/strong>in which you are being trained or in which you might be aiming for a job later on. What specialisations are offered or needed there? When choosing a company, you should also look at what the working environment is like and how high the pay is.<\/li>\n\n\n\n<li>The <strong>occupational activity: <\/strong>Here it is important that it corresponds to what suits you. So take a look at the tasks and responsibilities associated with the specialisations and think about whether this might be something that appeals to you.<\/li>\n<\/ul>\n\n\n\n<p>With all these questions, you should also bear in mind that although the question of specialisation is indeed important, there is always the possibility of wanting change. So if you imagine that something is just right for you, but later it turns out to be the opposite, then invest a little time and learn a new specialisation. This will also be a little easier for you after successfully completing the apprenticeship.<\/p>\n\n\n\n<h2 class=\"wp-block-heading\" id=\"h-elektrikerberuf-im-handwerk-oder-industrie\">electrician profession<strong> <\/strong>in trade or industry?<\/h2>\n\n\n\n<p>In addition to specialisation, there is also the question of whether you would prefer to work as an electrician in industry or in the skilled trades. There are also important differences here. Many people make the mistake of deciding on the basis of the apprenticeship remuneration, in terms of the salary during training for electricians. However, this is wrong because the apprenticeship is relatively short compared to your working life. It is much more important to decide where you can ultimately earn more at your current location or in the company of your choice.<\/p>\n\n\n\n<p><strong>In addition to the salary as an electrician, after training, there are also other criteria that should be considered<\/strong>: <\/p>\n\n\n\n<ul class=\"wp-block-list\">\n<li>It starts with the fact that it is easier to complete an apprenticeship in the skilled trades and then switch to industry than the other way round. This means that if you decide in favour of an apprenticeship in industry sectors, you are ultimately more stuck with this than with an apprenticeship in the skilled trades.<\/li>\n\n\n\n<li>In addition, the skilled trades offer you more <strong>opportunities to earn more than the monthly salary<\/strong>. There are simply more opportunities for overtime and, in addition, self-employed master craftsmen are in high demand and are therefore well paid. In general, it can be said that good tradespeople are always needed, so the chances of getting a job and from there a career look a little better in the trades sectors.<\/li>\n\n\n\n<li>The skilled trades sector also exposes small companies to <strong>seasonal fluctuations<\/strong>. There is a peak season in which a lot of work is done. Then there's overtime, work on weekends and lots of tasks that have to be completed independently. This also helps you to become a master craftsman and become completely independent. In the off-season, there is then more time to spend the money you have made or simply enjoy a little peace and quiet.<\/li>\n<\/ul>\n\n\n\n<p>At every stage of <strong>Industry sectors <\/strong>in contrast, there are mainly regular working hours. There is less personal responsibility. On the other hand, shift work is often expected, especially in larger companies. You also often work with significantly more technology here.<\/p>\n\n\n\n<p>So if you are more interested in having more money over a certain period of the year and more free time during the rest of the year, then the skilled trades are the way for you. This also applies if you want to be self-employed and work more independently.<\/p>\n\n\n\n<p>If, on the other hand, you are looking for a steady, predictable and consistent job, then industry is the way to go. This also applies if you want to learn a lot about new technology and are aiming for a career in planning or management, for example.<\/p>\n\n\n\n<h2 class=\"wp-block-heading\" id=\"h-was-macht-der-elektriker-in-der-industrie\">What does an electrician do in the industrial sector?<\/h2>\n\n\n\n<p>The industry sector offers a range of occupations for electricians that are similar to each other. Originally, the job title in this field was industrial electrician. In addition, there are job profiles that now also have more to do with electronics. These include the <strong>mechatronics technicians, electrical system fitters, microtechnologists and information system electronics technicians.<\/strong> You will find these electrical professions in the industry:<\/p>\n\n\n\n<div class=\"wp-block-columns is-layout-flex wp-container-core-columns-is-layout-9d6595d7 wp-block-columns-is-layout-flex\">\n<div class=\"wp-block-column is-layout-flow wp-block-column-is-layout-flow\">\n<ul class=\"wp-block-list\">\n<li>The electronics technician for operating technology<\/li>\n\n\n\n<li><a>The electronics technician for automation technology<\/a><\/li>\n\n\n\n<li><a>Electronics technician for devices and systems<\/a><\/li>\n\n\n\n<li><a>The electronics technician for information and systems technology<\/a><\/li>\n\n\n\n<li>The electronics technician for building and infrastructure systems<\/li>\n\n\n\n<li><a>The mechatronics engineer<\/a><\/li>\n\n\n\n<li>The microtechnologist<\/li>\n\n\n\n<li><a>The electrical system fitter<\/a><\/li>\n\n\n\n<li><a>Electronics technician for information and telecommunication systems<\/a><\/li>\n\n\n\n<li><a>The technical system planner<\/a><\/li>\n<\/ul>\n\n\n\n<div style=\"height:19px\" aria-hidden=\"true\" class=\"wp-block-spacer\"><\/div>\n\n\n\n<div class=\"wp-block-buttons is-layout-flex wp-block-buttons-is-layout-flex\">\n<div class=\"wp-block-button\"><a class=\"wp-block-button__link has-vivid-red-background-color has-background wp-element-button\" href=\"https:\/\/personal-aus-osteuropa.de\/en\/2025\/04\/25\/the-electrician-in-the-industry\/\">More Info<\/a><\/div>\n<\/div>\n<\/div>\n\n\n\n<div class=\"wp-block-column is-layout-flow wp-block-column-is-layout-flow\">\n<figure class=\"wp-block-image size-large is-resized\"><img fetchpriority=\"high\" decoding=\"async\" width=\"1024\" height=\"683\" src=\"https:\/\/personal-aus-osteuropa.de\/wp-content\/uploads\/2025\/04\/iStock-1500686570-1024x683.jpg\" alt=\"\" class=\"wp-image-17293\" style=\"object-fit:cover;width:544px;height:455px\" srcset=\"https:\/\/personal-aus-osteuropa.de\/wp-content\/uploads\/2025\/04\/iStock-1500686570-1024x683.jpg 1024w, https:\/\/personal-aus-osteuropa.de\/wp-content\/uploads\/2025\/04\/iStock-1500686570-300x200.jpg 300w, https:\/\/personal-aus-osteuropa.de\/wp-content\/uploads\/2025\/04\/iStock-1500686570-768x512.jpg 768w, https:\/\/personal-aus-osteuropa.de\/wp-content\/uploads\/2025\/04\/iStock-1500686570-1536x1024.jpg 1536w, https:\/\/personal-aus-osteuropa.de\/wp-content\/uploads\/2025\/04\/iStock-1500686570-2048x1365.jpg 2048w, https:\/\/personal-aus-osteuropa.de\/wp-content\/uploads\/2025\/04\/iStock-1500686570-18x12.jpg 18w, https:\/\/personal-aus-osteuropa.de\/wp-content\/uploads\/2025\/04\/iStock-1500686570-770x513.jpg 770w\" sizes=\"(max-width: 1024px) 100vw, 1024px\" \/><\/figure>\n<\/div>\n<\/div>\n\n\n\n<p><\/p>","protected":false},"excerpt":{"rendered":"<p>Electrician or electronics technician - The electrician profession itself Electrician or electronics technician, which is correct and what is the difference? What does the profession of electrician look like and how is it integrated into industry and the skilled trades? These are the questions that we want to take a closer look at in this chapter. Why are electricians the new electricians? Electricity grids are important for our entire society, from industry and commerce to[...]<\/p>","protected":false},"author":9,"featured_media":17291,"comment_status":"closed","ping_status":"closed","sticky":false,"template":"","format":"standard","meta":{"_acf_changed":false,"footnotes":""},"categories":[1],"tags":[],"class_list":["post-17290","post","type-post","status-publish","format-standard","has-post-thumbnail","hentry","category-uncategorized"],"acf":[],"yoast_head":"<!-- This site is optimized with the Yoast SEO Premium plugin v26.8 (Yoast SEO v26.8) - https:\/\/yoast.com\/product\/yoast-seo-premium-wordpress\/ -->\n<title>Elektriker oder Elektroniker \u2013 Der Elektrikerberuf selbst - Fachkr\u00e4fte aus Osteuropa<\/title>\n<meta name=\"description\" content=\"Elektrikerberuf -Elektriker oder Elektroniker? Alles \u00fcber den Elektrikerberuf, Spezialisierungen und Unterschiede.\" \/>\n<meta name=\"robots\" content=\"index, follow, max-snippet:-1, max-image-preview:large, max-video-preview:-1\" \/>\n<link rel=\"canonical\" href=\"https:\/\/personal-aus-osteuropa.de\/en\/2025\/04\/25\/electrician-or-electronics-technician-the-electrical-profession-itself\/\" \/>\n<meta property=\"og:locale\" content=\"en_GB\" \/>\n<meta property=\"og:type\" content=\"article\" \/>\n<meta property=\"og:title\" content=\"Elektriker oder Elektroniker \u2013 Der Elektrikerberuf selbst\" \/>\n<meta property=\"og:description\" content=\"Elektrikerberuf -Elektriker oder Elektroniker? Alles \u00fcber den Elektrikerberuf, Spezialisierungen und Unterschiede.\" \/>\n<meta property=\"og:url\" content=\"https:\/\/personal-aus-osteuropa.de\/en\/2025\/04\/25\/electrician-or-electronics-technician-the-electrical-profession-itself\/\" \/>\n<meta property=\"og:site_name\" content=\"Fachkr\u00e4fte aus Osteuropa\" \/>\n<meta property=\"article:published_time\" content=\"2025-04-25T08:13:04+00:00\" \/>\n<meta property=\"article:modified_time\" content=\"2025-05-24T10:12:41+00:00\" \/>\n<meta property=\"og:image\" content=\"https:\/\/personal-aus-osteuropa.de\/wp-content\/uploads\/2025\/04\/iStock-1461659683-scaled.jpg\" \/>\n\t<meta property=\"og:image:width\" content=\"2560\" \/>\n\t<meta property=\"og:image:height\" content=\"1707\" \/>\n\t<meta property=\"og:image:type\" content=\"image\/jpeg\" \/>\n<meta name=\"author\" content=\"Redaktion\" \/>\n<meta name=\"twitter:card\" content=\"summary_large_image\" \/>\n<meta name=\"twitter:label1\" content=\"Written by\" \/>\n\t<meta name=\"twitter:data1\" content=\"Redaktion\" \/>\n\t<meta name=\"twitter:label2\" content=\"Estimated reading time\" \/>\n\t<meta name=\"twitter:data2\" content=\"8 minutes\" \/>\n<script type=\"application\/ld+json\" class=\"yoast-schema-graph\">{\"@context\":\"https:\/\/schema.org\",\"@graph\":[{\"@type\":\"Article\",\"@id\":\"https:\/\/personal-aus-osteuropa.de\/2025\/04\/25\/elektriker-oder-elektroniker-der-elektrikerberuf-selbst\/#article\",\"isPartOf\":{\"@id\":\"https:\/\/personal-aus-osteuropa.de\/2025\/04\/25\/elektriker-oder-elektroniker-der-elektrikerberuf-selbst\/\"},\"author\":{\"name\":\"Redaktion\",\"@id\":\"https:\/\/personal-aus-osteuropa.de\/#\/schema\/person\/0ce1893350b12e877d605bbb370f7e8f\"},\"headline\":\"Elektriker oder Elektroniker \u2013 Der Elektrikerberuf selbst\",\"datePublished\":\"2025-04-25T08:13:04+00:00\",\"dateModified\":\"2025-05-24T10:12:41+00:00\",\"mainEntityOfPage\":{\"@id\":\"https:\/\/personal-aus-osteuropa.de\/2025\/04\/25\/elektriker-oder-elektroniker-der-elektrikerberuf-selbst\/\"},\"wordCount\":1333,\"publisher\":{\"@id\":\"https:\/\/personal-aus-osteuropa.de\/#organization\"},\"image\":{\"@id\":\"https:\/\/personal-aus-osteuropa.de\/2025\/04\/25\/elektriker-oder-elektroniker-der-elektrikerberuf-selbst\/#primaryimage\"},\"thumbnailUrl\":\"https:\/\/personal-aus-osteuropa.de\/wp-content\/uploads\/2025\/04\/iStock-1461659683-scaled.jpg\",\"articleSection\":[\"Uncategorized\"],\"inLanguage\":\"en-GB\",\"accessibilityFeature\":[\"tableOfContents\"]},{\"@type\":\"WebPage\",\"@id\":\"https:\/\/personal-aus-osteuropa.de\/2025\/04\/25\/elektriker-oder-elektroniker-der-elektrikerberuf-selbst\/\",\"url\":\"https:\/\/personal-aus-osteuropa.de\/2025\/04\/25\/elektriker-oder-elektroniker-der-elektrikerberuf-selbst\/\",\"name\":\"Elektriker oder Elektroniker \u2013 Der Elektrikerberuf selbst - Fachkr\u00e4fte aus Osteuropa\",\"isPartOf\":{\"@id\":\"https:\/\/personal-aus-osteuropa.de\/#website\"},\"primaryImageOfPage\":{\"@id\":\"https:\/\/personal-aus-osteuropa.de\/2025\/04\/25\/elektriker-oder-elektroniker-der-elektrikerberuf-selbst\/#primaryimage\"},\"image\":{\"@id\":\"https:\/\/personal-aus-osteuropa.de\/2025\/04\/25\/elektriker-oder-elektroniker-der-elektrikerberuf-selbst\/#primaryimage\"},\"thumbnailUrl\":\"https:\/\/personal-aus-osteuropa.de\/wp-content\/uploads\/2025\/04\/iStock-1461659683-scaled.jpg\",\"datePublished\":\"2025-04-25T08:13:04+00:00\",\"dateModified\":\"2025-05-24T10:12:41+00:00\",\"description\":\"Elektrikerberuf -Elektriker oder Elektroniker? Alles \u00fcber den Elektrikerberuf, Spezialisierungen und Unterschiede.\",\"breadcrumb\":{\"@id\":\"https:\/\/personal-aus-osteuropa.de\/2025\/04\/25\/elektriker-oder-elektroniker-der-elektrikerberuf-selbst\/#breadcrumb\"},\"inLanguage\":\"en-GB\",\"potentialAction\":[{\"@type\":\"ReadAction\",\"target\":[\"https:\/\/personal-aus-osteuropa.de\/2025\/04\/25\/elektriker-oder-elektroniker-der-elektrikerberuf-selbst\/\"]}]},{\"@type\":\"ImageObject\",\"inLanguage\":\"en-GB\",\"@id\":\"https:\/\/personal-aus-osteuropa.de\/2025\/04\/25\/elektriker-oder-elektroniker-der-elektrikerberuf-selbst\/#primaryimage\",\"url\":\"https:\/\/personal-aus-osteuropa.de\/wp-content\/uploads\/2025\/04\/iStock-1461659683-scaled.jpg\",\"contentUrl\":\"https:\/\/personal-aus-osteuropa.de\/wp-content\/uploads\/2025\/04\/iStock-1461659683-scaled.jpg\",\"width\":2560,\"height\":1707,\"caption\":\"Team-Ingenieurin trainiert speicherprogrammierbare Steuerung mit KI-Roboter-Trainingskit und Mechatronik-Engineering im Laborraum\"},{\"@type\":\"BreadcrumbList\",\"@id\":\"https:\/\/personal-aus-osteuropa.de\/2025\/04\/25\/elektriker-oder-elektroniker-der-elektrikerberuf-selbst\/#breadcrumb\",\"itemListElement\":[{\"@type\":\"ListItem\",\"position\":1,\"name\":\"Startseite\",\"item\":\"https:\/\/personal-aus-osteuropa.de\/\"},{\"@type\":\"ListItem\",\"position\":2,\"name\":\"Elektriker oder Elektroniker \u2013 Der Elektrikerberuf selbst\"}]},{\"@type\":\"WebSite\",\"@id\":\"https:\/\/personal-aus-osteuropa.de\/#website\",\"url\":\"https:\/\/personal-aus-osteuropa.de\/\",\"name\":\"Fachkr\u00e4fte aus Osteuropa\",\"description\":\"Leiharbeiter &amp; Subunternehmer Vermittlung\",\"publisher\":{\"@id\":\"https:\/\/personal-aus-osteuropa.de\/#organization\"},\"alternateName\":\"Zeitarbeit & Werkvertr\u00e4ge Osteuropa\",\"potentialAction\":[{\"@type\":\"SearchAction\",\"target\":{\"@type\":\"EntryPoint\",\"urlTemplate\":\"https:\/\/personal-aus-osteuropa.de\/?s={search_term_string}\"},\"query-input\":{\"@type\":\"PropertyValueSpecification\",\"valueRequired\":true,\"valueName\":\"search_term_string\"}}],\"inLanguage\":\"en-GB\"},{\"@type\":\"Organization\",\"@id\":\"https:\/\/personal-aus-osteuropa.de\/#organization\",\"name\":\"Personal aus Osteuropa\",\"alternateName\":\"Zeitarbeit International s.r.o.\",\"url\":\"https:\/\/personal-aus-osteuropa.de\/\",\"logo\":{\"@type\":\"ImageObject\",\"inLanguage\":\"en-GB\",\"@id\":\"https:\/\/personal-aus-osteuropa.de\/#\/schema\/logo\/image\/\",\"url\":\"https:\/\/personal-aus-osteuropa.de\/wp-content\/uploads\/2022\/06\/logo_2.png\",\"contentUrl\":\"https:\/\/personal-aus-osteuropa.de\/wp-content\/uploads\/2022\/06\/logo_2.png\",\"width\":62,\"height\":60,\"caption\":\"Personal aus Osteuropa\"},\"image\":{\"@id\":\"https:\/\/personal-aus-osteuropa.de\/#\/schema\/logo\/image\/\"},\"description\":\"Zeitarbeit International ist ein Personaldienstleister f\u00fcr Zeitarbeit, Werkvertr\u00e4ge und Personalvermittlung von Arbeitskr\u00e4ften aus Osteuropa und Baltikum. Wir vermitteln den Unternehmen Deutschland Personal aus Osteuropa, EU L\u00e4ndern sowie Drittstaaten Personal f\u00fcr Handwerk, Bau, Industrie, Solartechnik, Medizin, Industriemontage, Maschinenverlagerungen, Elektrotechnik, Ingenieurwesen, Automobilindustrie, Metall- und Stahlbau, Produktion und Logistik. Unsere Kernkompetenz umfasst Schwei\u00dfen, Fertigung von Metallkonstruktionen, Montage, den Bau und Instandhaltung von industriellen Anlagen. Dar\u00fcber hinaus vermitteln wir flei\u00dfiges Produktionshelfer, Flie\u00dfbandarbeiter, Kontrolleure etc.\",\"email\":\"info@personal-aus-osteuropa.de\",\"telephone\":\"+49 172 7477707\",\"legalName\":\"Zeitarbeit International s.r.o.\",\"numberOfEmployees\":{\"@type\":\"QuantitativeValue\",\"minValue\":\"1\",\"maxValue\":\"10\"}},{\"@type\":\"Person\",\"@id\":\"https:\/\/personal-aus-osteuropa.de\/#\/schema\/person\/0ce1893350b12e877d605bbb370f7e8f\",\"name\":\"Redaktion\",\"image\":{\"@type\":\"ImageObject\",\"inLanguage\":\"en-GB\",\"@id\":\"https:\/\/personal-aus-osteuropa.de\/#\/schema\/person\/image\/\",\"url\":\"https:\/\/secure.gravatar.com\/avatar\/088239ed62db310e401e46f38d299325f293696786aba999c404ba1808a9cb46?s=96&d=mm&r=g\",\"contentUrl\":\"https:\/\/secure.gravatar.com\/avatar\/088239ed62db310e401e46f38d299325f293696786aba999c404ba1808a9cb46?s=96&d=mm&r=g\",\"caption\":\"Redaktion\"},\"url\":\"https:\/\/personal-aus-osteuropa.de\/en\/author\/markus\/\"}]}<\/script>\n<!-- \/ Yoast SEO Premium plugin. -->","yoast_head_json":{"title":"Electrician or electronics technician - The electrician profession itself - Skilled labour from Eastern Europe","description":"Electrician - electrician or electronics technician? All about the electrician profession, specialisations and differences.","robots":{"index":"index","follow":"follow","max-snippet":"max-snippet:-1","max-image-preview":"max-image-preview:large","max-video-preview":"max-video-preview:-1"},"canonical":"https:\/\/personal-aus-osteuropa.de\/en\/2025\/04\/25\/electrician-or-electronics-technician-the-electrical-profession-itself\/","og_locale":"en_GB","og_type":"article","og_title":"Elektriker oder Elektroniker \u2013 Der Elektrikerberuf selbst","og_description":"Elektrikerberuf -Elektriker oder Elektroniker? Alles \u00fcber den Elektrikerberuf, Spezialisierungen und Unterschiede.","og_url":"https:\/\/personal-aus-osteuropa.de\/en\/2025\/04\/25\/electrician-or-electronics-technician-the-electrical-profession-itself\/","og_site_name":"Fachkr\u00e4fte aus Osteuropa","article_published_time":"2025-04-25T08:13:04+00:00","article_modified_time":"2025-05-24T10:12:41+00:00","og_image":[{"width":2560,"height":1707,"url":"https:\/\/personal-aus-osteuropa.de\/wp-content\/uploads\/2025\/04\/iStock-1461659683-scaled.jpg","type":"image\/jpeg"}],"author":"Redaktion","twitter_card":"summary_large_image","twitter_misc":{"Written by":"Redaktion","Estimated reading time":"8 minutes"},"schema":{"@context":"https:\/\/schema.org","@graph":[{"@type":"Article","@id":"https:\/\/personal-aus-osteuropa.de\/2025\/04\/25\/elektriker-oder-elektroniker-der-elektrikerberuf-selbst\/#article","isPartOf":{"@id":"https:\/\/personal-aus-osteuropa.de\/2025\/04\/25\/elektriker-oder-elektroniker-der-elektrikerberuf-selbst\/"},"author":{"name":"Redaktion","@id":"https:\/\/personal-aus-osteuropa.de\/#\/schema\/person\/0ce1893350b12e877d605bbb370f7e8f"},"headline":"Elektriker oder Elektroniker \u2013 Der Elektrikerberuf selbst","datePublished":"2025-04-25T08:13:04+00:00","dateModified":"2025-05-24T10:12:41+00:00","mainEntityOfPage":{"@id":"https:\/\/personal-aus-osteuropa.de\/2025\/04\/25\/elektriker-oder-elektroniker-der-elektrikerberuf-selbst\/"},"wordCount":1333,"publisher":{"@id":"https:\/\/personal-aus-osteuropa.de\/#organization"},"image":{"@id":"https:\/\/personal-aus-osteuropa.de\/2025\/04\/25\/elektriker-oder-elektroniker-der-elektrikerberuf-selbst\/#primaryimage"},"thumbnailUrl":"https:\/\/personal-aus-osteuropa.de\/wp-content\/uploads\/2025\/04\/iStock-1461659683-scaled.jpg","articleSection":["Uncategorized"],"inLanguage":"en-GB","accessibilityFeature":["tableOfContents"]},{"@type":"WebPage","@id":"https:\/\/personal-aus-osteuropa.de\/2025\/04\/25\/elektriker-oder-elektroniker-der-elektrikerberuf-selbst\/","url":"https:\/\/personal-aus-osteuropa.de\/2025\/04\/25\/elektriker-oder-elektroniker-der-elektrikerberuf-selbst\/","name":"Electrician or electronics technician - The electrician profession itself - Skilled labour from Eastern Europe","isPartOf":{"@id":"https:\/\/personal-aus-osteuropa.de\/#website"},"primaryImageOfPage":{"@id":"https:\/\/personal-aus-osteuropa.de\/2025\/04\/25\/elektriker-oder-elektroniker-der-elektrikerberuf-selbst\/#primaryimage"},"image":{"@id":"https:\/\/personal-aus-osteuropa.de\/2025\/04\/25\/elektriker-oder-elektroniker-der-elektrikerberuf-selbst\/#primaryimage"},"thumbnailUrl":"https:\/\/personal-aus-osteuropa.de\/wp-content\/uploads\/2025\/04\/iStock-1461659683-scaled.jpg","datePublished":"2025-04-25T08:13:04+00:00","dateModified":"2025-05-24T10:12:41+00:00","description":"Electrician - electrician or electronics technician? All about the electrician profession, specialisations and differences.","breadcrumb":{"@id":"https:\/\/personal-aus-osteuropa.de\/2025\/04\/25\/elektriker-oder-elektroniker-der-elektrikerberuf-selbst\/#breadcrumb"},"inLanguage":"en-GB","potentialAction":[{"@type":"ReadAction","target":["https:\/\/personal-aus-osteuropa.de\/2025\/04\/25\/elektriker-oder-elektroniker-der-elektrikerberuf-selbst\/"]}]},{"@type":"ImageObject","inLanguage":"en-GB","@id":"https:\/\/personal-aus-osteuropa.de\/2025\/04\/25\/elektriker-oder-elektroniker-der-elektrikerberuf-selbst\/#primaryimage","url":"https:\/\/personal-aus-osteuropa.de\/wp-content\/uploads\/2025\/04\/iStock-1461659683-scaled.jpg","contentUrl":"https:\/\/personal-aus-osteuropa.de\/wp-content\/uploads\/2025\/04\/iStock-1461659683-scaled.jpg","width":2560,"height":1707,"caption":"Team-Ingenieurin trainiert speicherprogrammierbare Steuerung mit KI-Roboter-Trainingskit und Mechatronik-Engineering im Laborraum"},{"@type":"BreadcrumbList","@id":"https:\/\/personal-aus-osteuropa.de\/2025\/04\/25\/elektriker-oder-elektroniker-der-elektrikerberuf-selbst\/#breadcrumb","itemListElement":[{"@type":"ListItem","position":1,"name":"Startseite","item":"https:\/\/personal-aus-osteuropa.de\/"},{"@type":"ListItem","position":2,"name":"Elektriker oder Elektroniker \u2013 Der Elektrikerberuf selbst"}]},{"@type":"WebSite","@id":"https:\/\/personal-aus-osteuropa.de\/#website","url":"https:\/\/personal-aus-osteuropa.de\/","name":"from Eastern European EU countries","description":"Temporary workers &amp; subcontractor placement","publisher":{"@id":"https:\/\/personal-aus-osteuropa.de\/#organization"},"alternateName":"Zeitarbeit & Werkvertr\u00e4ge Osteuropa","potentialAction":[{"@type":"SearchAction","target":{"@type":"EntryPoint","urlTemplate":"https:\/\/personal-aus-osteuropa.de\/?s={search_term_string}"},"query-input":{"@type":"PropertyValueSpecification","valueRequired":true,"valueName":"search_term_string"}}],"inLanguage":"en-GB"},{"@type":"Organization","@id":"https:\/\/personal-aus-osteuropa.de\/#organization","name":"Staff from Eastern Europe","alternateName":"Zeitarbeit International s.r.o.","url":"https:\/\/personal-aus-osteuropa.de\/","logo":{"@type":"ImageObject","inLanguage":"en-GB","@id":"https:\/\/personal-aus-osteuropa.de\/#\/schema\/logo\/image\/","url":"https:\/\/personal-aus-osteuropa.de\/wp-content\/uploads\/2022\/06\/logo_2.png","contentUrl":"https:\/\/personal-aus-osteuropa.de\/wp-content\/uploads\/2022\/06\/logo_2.png","width":62,"height":60,"caption":"Personal aus Osteuropa"},"image":{"@id":"https:\/\/personal-aus-osteuropa.de\/#\/schema\/logo\/image\/"},"description":"Zeitarbeit International is a personnel service provider for temporary work, work contracts and personnel placement of labour from Eastern Europe and the Baltic States. We provide companies in Germany with personnel from Eastern Europe, EU countries and third countries for skilled trades, construction, industry, solar technology, medicine, industrial assembly, machine relocation, electrical engineering, engineering, the automotive industry, metal and steel construction, production and logistics. Our core competences include welding, manufacturing of metal constructions, assembly, construction and maintenance of industrial plants. We also provide hard-working production assistants, assembly line workers, inspectors, etc.","email":"info@personal-aus-osteuropa.de","telephone":"+49 172 7477707","legalName":"Zeitarbeit International s.r.o.","numberOfEmployees":{"@type":"QuantitativeValue","minValue":"1","maxValue":"10"}},{"@type":"Person","@id":"https:\/\/personal-aus-osteuropa.de\/#\/schema\/person\/0ce1893350b12e877d605bbb370f7e8f","name":"editorial staff","image":{"@type":"ImageObject","inLanguage":"en-GB","@id":"https:\/\/personal-aus-osteuropa.de\/#\/schema\/person\/image\/","url":"https:\/\/secure.gravatar.com\/avatar\/088239ed62db310e401e46f38d299325f293696786aba999c404ba1808a9cb46?s=96&d=mm&r=g","contentUrl":"https:\/\/secure.gravatar.com\/avatar\/088239ed62db310e401e46f38d299325f293696786aba999c404ba1808a9cb46?s=96&d=mm&r=g","caption":"Redaktion"},"url":"https:\/\/personal-aus-osteuropa.de\/en\/author\/markus\/"}]}},"_links":{"self":[{"href":"https:\/\/personal-aus-osteuropa.de\/en\/wp-json\/wp\/v2\/posts\/17290","targetHints":{"allow":["GET"]}}],"collection":[{"href":"https:\/\/personal-aus-osteuropa.de\/en\/wp-json\/wp\/v2\/posts"}],"about":[{"href":"https:\/\/personal-aus-osteuropa.de\/en\/wp-json\/wp\/v2\/types\/post"}],"author":[{"embeddable":true,"href":"https:\/\/personal-aus-osteuropa.de\/en\/wp-json\/wp\/v2\/users\/9"}],"replies":[{"embeddable":true,"href":"https:\/\/personal-aus-osteuropa.de\/en\/wp-json\/wp\/v2\/comments?post=17290"}],"version-history":[{"count":9,"href":"https:\/\/personal-aus-osteuropa.de\/en\/wp-json\/wp\/v2\/posts\/17290\/revisions"}],"predecessor-version":[{"id":18236,"href":"https:\/\/personal-aus-osteuropa.de\/en\/wp-json\/wp\/v2\/posts\/17290\/revisions\/18236"}],"wp:featuredmedia":[{"embeddable":true,"href":"https:\/\/personal-aus-osteuropa.de\/en\/wp-json\/wp\/v2\/media\/17291"}],"wp:attachment":[{"href":"https:\/\/personal-aus-osteuropa.de\/en\/wp-json\/wp\/v2\/media?parent=17290"}],"wp:term":[{"taxonomy":"category","embeddable":true,"href":"https:\/\/personal-aus-osteuropa.de\/en\/wp-json\/wp\/v2\/categories?post=17290"},{"taxonomy":"post_tag","embeddable":true,"href":"https:\/\/personal-aus-osteuropa.de\/en\/wp-json\/wp\/v2\/tags?post=17290"}],"curies":[{"name":"wp","href":"https:\/\/api.w.org\/{rel}","templated":true}]}}