{"id":12304,"date":"2025-01-21T10:16:27","date_gmt":"2025-01-21T09:16:27","guid":{"rendered":"https:\/\/personal-aus-osteuropa.de\/?p=12304"},"modified":"2025-05-24T22:28:02","modified_gmt":"2025-05-24T20:28:02","slug":"laser-beam-welding","status":"publish","type":"post","link":"https:\/\/personal-aus-osteuropa.de\/en\/2025\/01\/21\/laser-beam-welding\/","title":{"rendered":"Laser beam welding"},"content":{"rendered":"<h2 class=\"wp-block-heading\" id=\"h-das-laserstrahlschweissen\">Laser beam welding<\/h2>\n\n\n\n<p>Laser beam welding allows the energy used to be precisely focussed. This makes it possible to achieve a very high welding speed. The shape of the weld seam is also very narrow and slim. This results in very little thermal distortion for the workpiece. Laser welding usually does not require any special filler material.<\/p>\n\n\n\n<div class=\"wp-block-yoast-seo-table-of-contents yoast-table-of-contents\"><h2>Table of contents<\/h2><ul><li><a href=\"#h-das-laserstrahlschweissen\" data-level=\"2\">Laser beam welding<\/a><\/li><li><a href=\"#h-wie-funktioniert-laserschweissen\" data-level=\"2\">How does laser welding work?<\/a><\/li><li><a href=\"#h-welche-bereiche-des-laserstrahlschweissens-gibt-es\" data-level=\"2\">What types of laser beam welding are there?<\/a><\/li><\/ul><\/div>\n\n\n\n<p class=\"wp-block-yoast-seo-estimated-reading-time yoast-reading-time__wrapper\"><span class=\"yoast-reading-time__icon\"><svg aria-hidden=\"true\" focusable=\"false\" data-icon=\"clock\" width=\"20\" height=\"20\" fill=\"none\" stroke=\"currentColor\" style=\"display:inline-block;vertical-align:-0.1em\" role=\"img\" xmlns=\"http:\/\/www.w3.org\/2000\/svg\" viewbox=\"0 0 24 24\"><path stroke-linecap=\"round\" stroke-linejoin=\"round\" stroke-width=\"2\" d=\"M12 8v4l3 3m6-3a9 9 0 11-18 0 9 9 0 0118 0z\"><\/path><\/svg><\/span><span class=\"yoast-reading-time__spacer\" style=\"display:inline-block;width:1em\"><\/span><span class=\"yoast-reading-time__descriptive-text\">Estimated reading time: <\/span><span class=\"yoast-reading-time__reading-time\">4<\/span><span class=\"yoast-reading-time__time-unit\"> minutes<\/span><\/p>\n\n\n\n<h2 class=\"wp-block-heading\" id=\"h-wie-funktioniert-laserschweissen\">How does laser welding work?<\/h2>\n\n\n\n<p>As the name \"laser beam welding\" or \"laser welding\" suggests, light is used in this process. This is focussed on the surface of the joint edge. The laser's optics are located close to the surface and its alignment determines the welding depth, among other things.<\/p>\n\n\n\n<p>The focal spot formed by the laser has a diameter of just a few tenths of a millimetre. With an output of several kilowatts for the laser, this results in very high energy concentrations. The surface of the workpiece absorbs this energy quickly, which results in a very rapid rise in temperature. This means that the melting temperature is exceeded in a very short time. Conversely, the seam also cools down much faster due to its very narrow design. As a result, it becomes very hard.<\/p>\n\n\n\n<p>The very concentrated energy flow has two consequences. Firstly, less energy is required and secondly, the thermal distortion in the workpieces is low. This welding process is therefore particularly advantageous when used to attach components to prefabricated parts.<\/p>\n\n\n\n<p>The laser welding system has a leger, a CNC-controlled unit for moving the laser, an optical system that guides the laser beam, an optical system for focussing and processing, and a device that holds the workpieces. Either the laser beam is guided over the workpiece to be welded or the workpiece is moved under the laser beam. However, there are also systems in which both the laser and the workpiece are moved against each other.<\/p>\n\n\n\n<h2 class=\"wp-block-heading\" id=\"h-welche-bereiche-des-laserstrahlschweissens-gibt-es\">What types of laser beam welding are there?<\/h2>\n\n\n\n<p>Laser welding can be divided into several areas. These are laser deep penetration welding, heat conduction welding and laser remote welding. These differ mainly in terms of the beam intensity used for the laser.<\/p>\n\n\n\n<h3 class=\"wp-block-heading\" id=\"h-das-lasertiefschweissen\">Deep laser welding<\/h3>\n\n\n\n<p>If a very high beam intensity with a high focus is used, a cavity forms within the molten bath, a capillary filled with metal vapour. With the movement of the laser, this becomes a tube that is located in the depth of the workpiece. This allows the material to be melted quickly even in these deeper regions. The cavity increases the absorption of energy from the laser beam, which increases the volume of the melt pool.<\/p>\n\n\n\n<h3 class=\"wp-block-heading\" id=\"h-das-warmeleitungsschweissen\">Heat conduction welding<\/h3>\n\n\n\n<p>With other beam intensities, however, no cavity is created. It should also be noted that, depending on the wavelength, the metal has a reflectivity of up to 95% for the laser. This reduces the penetration depth of the energy so that sheets with a smaller thickness can also be welded on.<\/p>\n\n\n\n<h3 class=\"wp-block-heading\" id=\"h-das-laser-remote-schweissen\">Remote laser welding<\/h3>\n\n\n\n<p>Scanners are used in more modern laser welding systems. These consist of rotating bevelled mirrors or deflection mirrors that can be aligned. The mirrors can then be used to move the laser beams over the surface of the workpiece. Thanks to the low mass of such a mirror, the laser beam can be correctly aligned at a very high speed.<\/p>\n\n\n\n<div class=\"wp-block-columns is-layout-flex wp-container-core-columns-is-layout-9d6595d7 wp-block-columns-is-layout-flex\">\n<div class=\"wp-block-column is-layout-flow wp-block-column-is-layout-flow\">\n<h4 class=\"wp-block-heading\" id=\"h-ahnliche-themen\">Related topics:<\/h4>\n\n\n\n<ul class=\"wp-block-yoast-seo-related-links yoast-seo-related-links\">\n<li><a href=\"https:\/\/personal-aus-osteuropa.de\/en\/2025\/01\/17\/welding-types-overview\/\">Welding processes - overview<\/a><\/li>\n\n\n\n<li><a href=\"https:\/\/personal-aus-osteuropa.de\/en\/2025\/01\/10\/what-is-welding\/\">What is welding?<\/a><\/li>\n\n\n\n<li><a href=\"https:\/\/personal-aus-osteuropa.de\/en\/2025\/01\/17\/tungsten-inert-gas-welding-tig-welding\/\">Tungsten inert gas welding (TIG)<\/a><\/li>\n\n\n\n<li><a href=\"https:\/\/personal-aus-osteuropa.de\/en\/2025\/01\/23\/skilled-labour-immigration-act\/\">Skilled labour immigration law<\/a><\/li>\n\n\n\n<li><a href=\"https:\/\/personal-aus-osteuropa.de\/en\/2025\/01\/21\/friction-stir-welding\/\">What is friction stir welding?<\/a><\/li>\n<\/ul>\n\n\n\n<div class=\"wp-block-buttons is-layout-flex wp-block-buttons-is-layout-flex\">\n<div class=\"wp-block-button\"><a class=\"wp-block-button__link has-vivid-red-background-color has-background wp-element-button\" href=\"https:\/\/personal-aus-osteuropa.de\/en\/blog-labour-recruitment-from-eastern-europe\/\">Blog<\/a><\/div>\n<\/div>\n<\/div>\n\n\n\n<div class=\"wp-block-column is-layout-flow wp-block-column-is-layout-flow\">\n<figure class=\"wp-block-image size-large\"><img fetchpriority=\"high\" decoding=\"async\" width=\"1024\" height=\"683\" src=\"https:\/\/personal-aus-osteuropa.de\/wp-content\/uploads\/2025\/01\/iStock-2156908250-1024x683.jpg\" alt=\"Welding process\" class=\"wp-image-12283\" srcset=\"https:\/\/personal-aus-osteuropa.de\/wp-content\/uploads\/2025\/01\/iStock-2156908250-1024x683.jpg 1024w, https:\/\/personal-aus-osteuropa.de\/wp-content\/uploads\/2025\/01\/iStock-2156908250-300x200.jpg 300w, https:\/\/personal-aus-osteuropa.de\/wp-content\/uploads\/2025\/01\/iStock-2156908250-768x512.jpg 768w, https:\/\/personal-aus-osteuropa.de\/wp-content\/uploads\/2025\/01\/iStock-2156908250-1536x1024.jpg 1536w, https:\/\/personal-aus-osteuropa.de\/wp-content\/uploads\/2025\/01\/iStock-2156908250-2048x1365.jpg 2048w, https:\/\/personal-aus-osteuropa.de\/wp-content\/uploads\/2025\/01\/iStock-2156908250-18x12.jpg 18w, https:\/\/personal-aus-osteuropa.de\/wp-content\/uploads\/2025\/01\/iStock-2156908250-770x513.jpg 770w\" sizes=\"(max-width: 1024px) 100vw, 1024px\" \/><\/figure>\n<\/div>\n<\/div>","protected":false},"excerpt":{"rendered":"<p>Laser beam welding Laser beam welding allows the energy used to be precisely focussed. This makes it possible to achieve a very high welding speed. The shape of the weld seam is also very narrow and slim. This results in very little thermal distortion for the workpiece. Laser welding usually does not require any special filler material. How does laser welding work? As the name \"laser beam welding\" or \"laser welding\" already suggests, this process uses a laser beam to [...]<\/p>","protected":false},"author":9,"featured_media":18281,"comment_status":"closed","ping_status":"open","sticky":false,"template":"","format":"standard","meta":{"_acf_changed":false,"footnotes":""},"categories":[215],"tags":[],"class_list":["post-12304","post","type-post","status-publish","format-standard","has-post-thumbnail","hentry","category-schweissen"],"acf":[],"yoast_head":"<!-- This site is optimized with the Yoast SEO Premium plugin v26.8 (Yoast SEO v26.8) - https:\/\/yoast.com\/product\/yoast-seo-premium-wordpress\/ -->\n<title>Laserstrahlschwei\u00dfen und dessen Bereiche<\/title>\n<meta name=\"description\" content=\"Erfahren Sie mehr \u00fcber die Vorteile des Laserstrahlschwei\u00dfens: hohe Schwei\u00dfgeschwindigkeit, schmale Schwei\u00dfnaht\" \/>\n<meta name=\"robots\" content=\"index, follow, max-snippet:-1, max-image-preview:large, max-video-preview:-1\" \/>\n<link rel=\"canonical\" href=\"https:\/\/personal-aus-osteuropa.de\/en\/2025\/01\/21\/laser-beam-welding\/\" \/>\n<meta property=\"og:locale\" content=\"en_GB\" \/>\n<meta property=\"og:type\" content=\"article\" \/>\n<meta property=\"og:title\" content=\"Das Laserstrahlschwei\u00dfen\" \/>\n<meta property=\"og:description\" content=\"Erfahren Sie mehr \u00fcber die Vorteile des Laserstrahlschwei\u00dfens: hohe Schwei\u00dfgeschwindigkeit, schmale Schwei\u00dfnaht\" \/>\n<meta property=\"og:url\" content=\"https:\/\/personal-aus-osteuropa.de\/en\/2025\/01\/21\/laser-beam-welding\/\" \/>\n<meta property=\"og:site_name\" content=\"Fachkr\u00e4fte aus Osteuropa\" \/>\n<meta property=\"article:published_time\" content=\"2025-01-21T09:16:27+00:00\" \/>\n<meta property=\"article:modified_time\" content=\"2025-05-24T20:28:02+00:00\" \/>\n<meta property=\"og:image\" content=\"https:\/\/personal-aus-osteuropa.de\/wp-content\/uploads\/2025\/01\/getty-images-K-s270jAfn0-unsplash-scaled.jpg\" \/>\n\t<meta property=\"og:image:width\" content=\"2560\" \/>\n\t<meta property=\"og:image:height\" content=\"1709\" \/>\n\t<meta property=\"og:image:type\" content=\"image\/jpeg\" \/>\n<meta name=\"author\" content=\"Redaktion\" \/>\n<meta name=\"twitter:card\" content=\"summary_large_image\" \/>\n<meta name=\"twitter:label1\" content=\"Written by\" \/>\n\t<meta name=\"twitter:data1\" content=\"Redaktion\" \/>\n\t<meta name=\"twitter:label2\" content=\"Estimated reading time\" \/>\n\t<meta name=\"twitter:data2\" content=\"4 minutes\" \/>\n<script type=\"application\/ld+json\" class=\"yoast-schema-graph\">{\"@context\":\"https:\/\/schema.org\",\"@graph\":[{\"@type\":\"TechArticle\",\"@id\":\"https:\/\/personal-aus-osteuropa.de\/2025\/01\/21\/das-laserstrahlschweissen\/#article\",\"isPartOf\":{\"@id\":\"https:\/\/personal-aus-osteuropa.de\/2025\/01\/21\/das-laserstrahlschweissen\/\"},\"author\":{\"name\":\"Redaktion\",\"@id\":\"https:\/\/personal-aus-osteuropa.de\/#\/schema\/person\/0ce1893350b12e877d605bbb370f7e8f\"},\"headline\":\"Das Laserstrahlschwei\u00dfen\",\"datePublished\":\"2025-01-21T09:16:27+00:00\",\"dateModified\":\"2025-05-24T20:28:02+00:00\",\"mainEntityOfPage\":{\"@id\":\"https:\/\/personal-aus-osteuropa.de\/2025\/01\/21\/das-laserstrahlschweissen\/\"},\"wordCount\":609,\"publisher\":{\"@id\":\"https:\/\/personal-aus-osteuropa.de\/#organization\"},\"image\":{\"@id\":\"https:\/\/personal-aus-osteuropa.de\/2025\/01\/21\/das-laserstrahlschweissen\/#primaryimage\"},\"thumbnailUrl\":\"https:\/\/personal-aus-osteuropa.de\/wp-content\/uploads\/2025\/01\/getty-images-K-s270jAfn0-unsplash-scaled.jpg\",\"articleSection\":[\"Schwei\u00dfen\"],\"inLanguage\":\"en-GB\",\"accessibilityFeature\":[\"tableOfContents\"]},{\"@type\":[\"WebPage\",\"ItemPage\"],\"@id\":\"https:\/\/personal-aus-osteuropa.de\/2025\/01\/21\/das-laserstrahlschweissen\/\",\"url\":\"https:\/\/personal-aus-osteuropa.de\/2025\/01\/21\/das-laserstrahlschweissen\/\",\"name\":\"Laserstrahlschwei\u00dfen und dessen Bereiche\",\"isPartOf\":{\"@id\":\"https:\/\/personal-aus-osteuropa.de\/#website\"},\"primaryImageOfPage\":{\"@id\":\"https:\/\/personal-aus-osteuropa.de\/2025\/01\/21\/das-laserstrahlschweissen\/#primaryimage\"},\"image\":{\"@id\":\"https:\/\/personal-aus-osteuropa.de\/2025\/01\/21\/das-laserstrahlschweissen\/#primaryimage\"},\"thumbnailUrl\":\"https:\/\/personal-aus-osteuropa.de\/wp-content\/uploads\/2025\/01\/getty-images-K-s270jAfn0-unsplash-scaled.jpg\",\"datePublished\":\"2025-01-21T09:16:27+00:00\",\"dateModified\":\"2025-05-24T20:28:02+00:00\",\"description\":\"Erfahren Sie mehr \u00fcber die Vorteile des Laserstrahlschwei\u00dfens: hohe Schwei\u00dfgeschwindigkeit, schmale Schwei\u00dfnaht\",\"breadcrumb\":{\"@id\":\"https:\/\/personal-aus-osteuropa.de\/2025\/01\/21\/das-laserstrahlschweissen\/#breadcrumb\"},\"inLanguage\":\"en-GB\",\"potentialAction\":[{\"@type\":\"ReadAction\",\"target\":[\"https:\/\/personal-aus-osteuropa.de\/2025\/01\/21\/das-laserstrahlschweissen\/\"]}]},{\"@type\":\"ImageObject\",\"inLanguage\":\"en-GB\",\"@id\":\"https:\/\/personal-aus-osteuropa.de\/2025\/01\/21\/das-laserstrahlschweissen\/#primaryimage\",\"url\":\"https:\/\/personal-aus-osteuropa.de\/wp-content\/uploads\/2025\/01\/getty-images-K-s270jAfn0-unsplash-scaled.jpg\",\"contentUrl\":\"https:\/\/personal-aus-osteuropa.de\/wp-content\/uploads\/2025\/01\/getty-images-K-s270jAfn0-unsplash-scaled.jpg\",\"width\":2560,\"height\":1709},{\"@type\":\"BreadcrumbList\",\"@id\":\"https:\/\/personal-aus-osteuropa.de\/2025\/01\/21\/das-laserstrahlschweissen\/#breadcrumb\",\"itemListElement\":[{\"@type\":\"ListItem\",\"position\":1,\"name\":\"Startseite\",\"item\":\"https:\/\/personal-aus-osteuropa.de\/\"},{\"@type\":\"ListItem\",\"position\":2,\"name\":\"Das Laserstrahlschwei\u00dfen\"}]},{\"@type\":\"WebSite\",\"@id\":\"https:\/\/personal-aus-osteuropa.de\/#website\",\"url\":\"https:\/\/personal-aus-osteuropa.de\/\",\"name\":\"Fachkr\u00e4fte aus Osteuropa\",\"description\":\"Leiharbeiter &amp; Subunternehmer Vermittlung\",\"publisher\":{\"@id\":\"https:\/\/personal-aus-osteuropa.de\/#organization\"},\"alternateName\":\"Zeitarbeit & Werkvertr\u00e4ge Osteuropa\",\"potentialAction\":[{\"@type\":\"SearchAction\",\"target\":{\"@type\":\"EntryPoint\",\"urlTemplate\":\"https:\/\/personal-aus-osteuropa.de\/?s={search_term_string}\"},\"query-input\":{\"@type\":\"PropertyValueSpecification\",\"valueRequired\":true,\"valueName\":\"search_term_string\"}}],\"inLanguage\":\"en-GB\"},{\"@type\":\"Organization\",\"@id\":\"https:\/\/personal-aus-osteuropa.de\/#organization\",\"name\":\"Personal aus Osteuropa\",\"alternateName\":\"Zeitarbeit International s.r.o.\",\"url\":\"https:\/\/personal-aus-osteuropa.de\/\",\"logo\":{\"@type\":\"ImageObject\",\"inLanguage\":\"en-GB\",\"@id\":\"https:\/\/personal-aus-osteuropa.de\/#\/schema\/logo\/image\/\",\"url\":\"https:\/\/personal-aus-osteuropa.de\/wp-content\/uploads\/2022\/06\/logo_2.png\",\"contentUrl\":\"https:\/\/personal-aus-osteuropa.de\/wp-content\/uploads\/2022\/06\/logo_2.png\",\"width\":62,\"height\":60,\"caption\":\"Personal aus Osteuropa\"},\"image\":{\"@id\":\"https:\/\/personal-aus-osteuropa.de\/#\/schema\/logo\/image\/\"},\"description\":\"Zeitarbeit International ist ein Personaldienstleister f\u00fcr Zeitarbeit, Werkvertr\u00e4ge und Personalvermittlung von Arbeitskr\u00e4ften aus Osteuropa und Baltikum. Wir vermitteln den Unternehmen Deutschland Personal aus Osteuropa, EU L\u00e4ndern sowie Drittstaaten Personal f\u00fcr Handwerk, Bau, Industrie, Solartechnik, Medizin, Industriemontage, Maschinenverlagerungen, Elektrotechnik, Ingenieurwesen, Automobilindustrie, Metall- und Stahlbau, Produktion und Logistik. Unsere Kernkompetenz umfasst Schwei\u00dfen, Fertigung von Metallkonstruktionen, Montage, den Bau und Instandhaltung von industriellen Anlagen. Dar\u00fcber hinaus vermitteln wir flei\u00dfiges Produktionshelfer, Flie\u00dfbandarbeiter, Kontrolleure etc.\",\"email\":\"info@personal-aus-osteuropa.de\",\"telephone\":\"+49 172 7477707\",\"legalName\":\"Zeitarbeit International s.r.o.\",\"numberOfEmployees\":{\"@type\":\"QuantitativeValue\",\"minValue\":\"1\",\"maxValue\":\"10\"}},{\"@type\":\"Person\",\"@id\":\"https:\/\/personal-aus-osteuropa.de\/#\/schema\/person\/0ce1893350b12e877d605bbb370f7e8f\",\"name\":\"Redaktion\",\"image\":{\"@type\":\"ImageObject\",\"inLanguage\":\"en-GB\",\"@id\":\"https:\/\/personal-aus-osteuropa.de\/#\/schema\/person\/image\/\",\"url\":\"https:\/\/secure.gravatar.com\/avatar\/088239ed62db310e401e46f38d299325f293696786aba999c404ba1808a9cb46?s=96&d=mm&r=g\",\"contentUrl\":\"https:\/\/secure.gravatar.com\/avatar\/088239ed62db310e401e46f38d299325f293696786aba999c404ba1808a9cb46?s=96&d=mm&r=g\",\"caption\":\"Redaktion\"},\"url\":\"https:\/\/personal-aus-osteuropa.de\/en\/author\/markus\/\"}]}<\/script>\n<!-- \/ Yoast SEO Premium plugin. -->","yoast_head_json":{"title":"Laser beam welding and its areas","description":"Find out more about the advantages of laser beam welding: high welding speed, narrow weld seam","robots":{"index":"index","follow":"follow","max-snippet":"max-snippet:-1","max-image-preview":"max-image-preview:large","max-video-preview":"max-video-preview:-1"},"canonical":"https:\/\/personal-aus-osteuropa.de\/en\/2025\/01\/21\/laser-beam-welding\/","og_locale":"en_GB","og_type":"article","og_title":"Das Laserstrahlschwei\u00dfen","og_description":"Erfahren Sie mehr \u00fcber die Vorteile des Laserstrahlschwei\u00dfens: hohe Schwei\u00dfgeschwindigkeit, schmale Schwei\u00dfnaht","og_url":"https:\/\/personal-aus-osteuropa.de\/en\/2025\/01\/21\/laser-beam-welding\/","og_site_name":"Fachkr\u00e4fte aus Osteuropa","article_published_time":"2025-01-21T09:16:27+00:00","article_modified_time":"2025-05-24T20:28:02+00:00","og_image":[{"width":2560,"height":1709,"url":"https:\/\/personal-aus-osteuropa.de\/wp-content\/uploads\/2025\/01\/getty-images-K-s270jAfn0-unsplash-scaled.jpg","type":"image\/jpeg"}],"author":"Redaktion","twitter_card":"summary_large_image","twitter_misc":{"Written by":"Redaktion","Estimated reading time":"4 minutes"},"schema":{"@context":"https:\/\/schema.org","@graph":[{"@type":"TechArticle","@id":"https:\/\/personal-aus-osteuropa.de\/2025\/01\/21\/das-laserstrahlschweissen\/#article","isPartOf":{"@id":"https:\/\/personal-aus-osteuropa.de\/2025\/01\/21\/das-laserstrahlschweissen\/"},"author":{"name":"Redaktion","@id":"https:\/\/personal-aus-osteuropa.de\/#\/schema\/person\/0ce1893350b12e877d605bbb370f7e8f"},"headline":"Das Laserstrahlschwei\u00dfen","datePublished":"2025-01-21T09:16:27+00:00","dateModified":"2025-05-24T20:28:02+00:00","mainEntityOfPage":{"@id":"https:\/\/personal-aus-osteuropa.de\/2025\/01\/21\/das-laserstrahlschweissen\/"},"wordCount":609,"publisher":{"@id":"https:\/\/personal-aus-osteuropa.de\/#organization"},"image":{"@id":"https:\/\/personal-aus-osteuropa.de\/2025\/01\/21\/das-laserstrahlschweissen\/#primaryimage"},"thumbnailUrl":"https:\/\/personal-aus-osteuropa.de\/wp-content\/uploads\/2025\/01\/getty-images-K-s270jAfn0-unsplash-scaled.jpg","articleSection":["Schwei\u00dfen"],"inLanguage":"en-GB","accessibilityFeature":["tableOfContents"]},{"@type":["WebPage","ItemPage"],"@id":"https:\/\/personal-aus-osteuropa.de\/2025\/01\/21\/das-laserstrahlschweissen\/","url":"https:\/\/personal-aus-osteuropa.de\/2025\/01\/21\/das-laserstrahlschweissen\/","name":"Laser beam welding and its areas","isPartOf":{"@id":"https:\/\/personal-aus-osteuropa.de\/#website"},"primaryImageOfPage":{"@id":"https:\/\/personal-aus-osteuropa.de\/2025\/01\/21\/das-laserstrahlschweissen\/#primaryimage"},"image":{"@id":"https:\/\/personal-aus-osteuropa.de\/2025\/01\/21\/das-laserstrahlschweissen\/#primaryimage"},"thumbnailUrl":"https:\/\/personal-aus-osteuropa.de\/wp-content\/uploads\/2025\/01\/getty-images-K-s270jAfn0-unsplash-scaled.jpg","datePublished":"2025-01-21T09:16:27+00:00","dateModified":"2025-05-24T20:28:02+00:00","description":"Find out more about the advantages of laser beam welding: high welding speed, narrow weld seam","breadcrumb":{"@id":"https:\/\/personal-aus-osteuropa.de\/2025\/01\/21\/das-laserstrahlschweissen\/#breadcrumb"},"inLanguage":"en-GB","potentialAction":[{"@type":"ReadAction","target":["https:\/\/personal-aus-osteuropa.de\/2025\/01\/21\/das-laserstrahlschweissen\/"]}]},{"@type":"ImageObject","inLanguage":"en-GB","@id":"https:\/\/personal-aus-osteuropa.de\/2025\/01\/21\/das-laserstrahlschweissen\/#primaryimage","url":"https:\/\/personal-aus-osteuropa.de\/wp-content\/uploads\/2025\/01\/getty-images-K-s270jAfn0-unsplash-scaled.jpg","contentUrl":"https:\/\/personal-aus-osteuropa.de\/wp-content\/uploads\/2025\/01\/getty-images-K-s270jAfn0-unsplash-scaled.jpg","width":2560,"height":1709},{"@type":"BreadcrumbList","@id":"https:\/\/personal-aus-osteuropa.de\/2025\/01\/21\/das-laserstrahlschweissen\/#breadcrumb","itemListElement":[{"@type":"ListItem","position":1,"name":"Startseite","item":"https:\/\/personal-aus-osteuropa.de\/"},{"@type":"ListItem","position":2,"name":"Das Laserstrahlschwei\u00dfen"}]},{"@type":"WebSite","@id":"https:\/\/personal-aus-osteuropa.de\/#website","url":"https:\/\/personal-aus-osteuropa.de\/","name":"from Eastern European EU countries","description":"Temporary workers &amp; subcontractor placement","publisher":{"@id":"https:\/\/personal-aus-osteuropa.de\/#organization"},"alternateName":"Zeitarbeit & Werkvertr\u00e4ge Osteuropa","potentialAction":[{"@type":"SearchAction","target":{"@type":"EntryPoint","urlTemplate":"https:\/\/personal-aus-osteuropa.de\/?s={search_term_string}"},"query-input":{"@type":"PropertyValueSpecification","valueRequired":true,"valueName":"search_term_string"}}],"inLanguage":"en-GB"},{"@type":"Organization","@id":"https:\/\/personal-aus-osteuropa.de\/#organization","name":"Staff from Eastern Europe","alternateName":"Zeitarbeit International s.r.o.","url":"https:\/\/personal-aus-osteuropa.de\/","logo":{"@type":"ImageObject","inLanguage":"en-GB","@id":"https:\/\/personal-aus-osteuropa.de\/#\/schema\/logo\/image\/","url":"https:\/\/personal-aus-osteuropa.de\/wp-content\/uploads\/2022\/06\/logo_2.png","contentUrl":"https:\/\/personal-aus-osteuropa.de\/wp-content\/uploads\/2022\/06\/logo_2.png","width":62,"height":60,"caption":"Personal aus Osteuropa"},"image":{"@id":"https:\/\/personal-aus-osteuropa.de\/#\/schema\/logo\/image\/"},"description":"Zeitarbeit International is a personnel service provider for temporary work, work contracts and personnel placement of labour from Eastern Europe and the Baltic States. We provide companies in Germany with personnel from Eastern Europe, EU countries and third countries for skilled trades, construction, industry, solar technology, medicine, industrial assembly, machine relocation, electrical engineering, engineering, the automotive industry, metal and steel construction, production and logistics. Our core competences include welding, manufacturing of metal constructions, assembly, construction and maintenance of industrial plants. We also provide hard-working production assistants, assembly line workers, inspectors, etc.","email":"info@personal-aus-osteuropa.de","telephone":"+49 172 7477707","legalName":"Zeitarbeit International s.r.o.","numberOfEmployees":{"@type":"QuantitativeValue","minValue":"1","maxValue":"10"}},{"@type":"Person","@id":"https:\/\/personal-aus-osteuropa.de\/#\/schema\/person\/0ce1893350b12e877d605bbb370f7e8f","name":"editorial staff","image":{"@type":"ImageObject","inLanguage":"en-GB","@id":"https:\/\/personal-aus-osteuropa.de\/#\/schema\/person\/image\/","url":"https:\/\/secure.gravatar.com\/avatar\/088239ed62db310e401e46f38d299325f293696786aba999c404ba1808a9cb46?s=96&d=mm&r=g","contentUrl":"https:\/\/secure.gravatar.com\/avatar\/088239ed62db310e401e46f38d299325f293696786aba999c404ba1808a9cb46?s=96&d=mm&r=g","caption":"Redaktion"},"url":"https:\/\/personal-aus-osteuropa.de\/en\/author\/markus\/"}]}},"_links":{"self":[{"href":"https:\/\/personal-aus-osteuropa.de\/en\/wp-json\/wp\/v2\/posts\/12304","targetHints":{"allow":["GET"]}}],"collection":[{"href":"https:\/\/personal-aus-osteuropa.de\/en\/wp-json\/wp\/v2\/posts"}],"about":[{"href":"https:\/\/personal-aus-osteuropa.de\/en\/wp-json\/wp\/v2\/types\/post"}],"author":[{"embeddable":true,"href":"https:\/\/personal-aus-osteuropa.de\/en\/wp-json\/wp\/v2\/users\/9"}],"replies":[{"embeddable":true,"href":"https:\/\/personal-aus-osteuropa.de\/en\/wp-json\/wp\/v2\/comments?post=12304"}],"version-history":[{"count":10,"href":"https:\/\/personal-aus-osteuropa.de\/en\/wp-json\/wp\/v2\/posts\/12304\/revisions"}],"predecessor-version":[{"id":17905,"href":"https:\/\/personal-aus-osteuropa.de\/en\/wp-json\/wp\/v2\/posts\/12304\/revisions\/17905"}],"wp:featuredmedia":[{"embeddable":true,"href":"https:\/\/personal-aus-osteuropa.de\/en\/wp-json\/wp\/v2\/media\/18281"}],"wp:attachment":[{"href":"https:\/\/personal-aus-osteuropa.de\/en\/wp-json\/wp\/v2\/media?parent=12304"}],"wp:term":[{"taxonomy":"category","embeddable":true,"href":"https:\/\/personal-aus-osteuropa.de\/en\/wp-json\/wp\/v2\/categories?post=12304"},{"taxonomy":"post_tag","embeddable":true,"href":"https:\/\/personal-aus-osteuropa.de\/en\/wp-json\/wp\/v2\/tags?post=12304"}],"curies":[{"name":"wp","href":"https:\/\/api.w.org\/{rel}","templated":true}]}}