{"id":10160,"date":"2024-07-13T18:55:58","date_gmt":"2024-07-13T16:55:58","guid":{"rendered":"https:\/\/personal-aus-osteuropa.de\/?p=10160"},"modified":"2025-02-21T11:43:14","modified_gmt":"2025-02-21T10:43:14","slug":"it-recruitment-how-to-attract-it-specialists-for-your-company","status":"publish","type":"post","link":"https:\/\/personal-aus-osteuropa.de\/en\/2024\/07\/13\/it-recruitment-how-to-attract-it-specialists-for-your-company\/","title":{"rendered":"IT recruitment - how to attract IT specialists to your company"},"content":{"rendered":"<div data-elementor-type=\"wp-post\" data-elementor-id=\"10160\" class=\"elementor elementor-10160\">\n\t\t\t\t\t\t<section class=\"elementor-section elementor-top-section elementor-element elementor-element-2636f470 tstk-col-stretched-none tstk-bg-color-over-image elementor-section-boxed elementor-section-height-default elementor-section-height-default\" data-id=\"2636f470\" data-element_type=\"section\" data-e-type=\"section\">\n\t\t\t\t\t\t<div class=\"elementor-container elementor-column-gap-default\">\n\t\t\t\t\t<div class=\"elementor-column elementor-col-100 elementor-top-column elementor-element elementor-element-4596a4e8 tstk-bg-color-over-image\" data-id=\"4596a4e8\" data-element_type=\"column\" data-e-type=\"column\">\n\t\t\t<div class=\"elementor-widget-wrap elementor-element-populated\">\n\t\t\t\t\t\t<div class=\"elementor-element elementor-element-7f8130a2 elementor-widget elementor-widget-heading\" data-id=\"7f8130a2\" data-element_type=\"widget\" data-e-type=\"widget\" data-widget_type=\"heading.default\">\n\t\t\t\t<div class=\"elementor-widget-container\">\n\t\t\t\t\t<h1 class=\"elementor-heading-title elementor-size-default\">IT recruitment \u2013 how can you attract top IT specialists to your company?<\/h1>\t\t\t\t<\/div>\n\t\t\t\t<\/div>\n\t\t\t\t<div class=\"elementor-element elementor-element-6ac40587 elementor-widget elementor-widget-text-editor\" data-id=\"6ac40587\" data-element_type=\"widget\" data-e-type=\"widget\" data-widget_type=\"text-editor.default\">\n\t\t\t\t<div class=\"elementor-widget-container\">\n\t\t\t\t\t\t\t\t\t<p><\/p>\n<div data-slate-fragment=\"JTVCJTdCJTIydHlwZSUyMiUzQSUyMnAlMjIlMkMlMjJpZCUyMiUzQSUyMmRsM3M2JTIyJTJDJTIyY2hpbGRyZW4lMjIlM0ElNUIlN0IlMjJ0ZXh0JTIyJTNBJTIyQXJiZWl0bmVobWVyJUMzJUJDYmVybGFzc3VuZ3N2ZXJ0ciVDMyVBNGdlJTIwc2luZCUyMGVpbiUyMHdpY2h0aWdlciUyMFRlaWwlMjBkZXIlMjBBcmJlaXRzb3JkbnVuZyUyMGluJTIwVW50ZXJuZWhtZW4uJTIwU2llJTIwc3RlbGxlbiUyMGVpbmUlMjByZWNodGxpY2glMjBnZXJlZ2VsdGUlMjBWZXJlaW5iYXJ1bmclMjB6d2lzY2hlbiUyMGRlbSUyMEFyYmVpdGdlYmVyJTIwdW5kJTIwZGVtJTIwTGVpaGFyYmVpdG5laG1lciUyMGRhciUyMHVuZCUyMHNjaGFmZmVuJTIwc28lMjBlaW5lbiUyMFJhaG1lbiUyMGYlQzMlQkNyJTIwZWluZSUyMGVyZm9sZ3JlaWNoZSUyMFp1c2FtbWVuYXJiZWl0LiUyMFdvcmF1ZiUyMG0lQzMlQkNzc2VuJTIwQXJiZWl0Z2ViZXIlMjBhY2h0ZW4lMkMlMjB1bSUyMFJlY2h0ZSUyMHVuZCUyMFBmbGljaHRlbiUyMGtsYXIlMjBhYnp1Z3JlbnplbiUzRiUyMFdhcyUyMHNpbmQlMjBkaWUlMjBWb3ItJTIwdW5kJTIwTmFjaHRlaWxlJTIwc29sY2hlciUyMFZlcnRyJUMzJUE0Z2UlMjBmJUMzJUJDciUyMGJlaWRlJTIwU2VpdGVuJTNGJTIwV2lyJTIwd2lkbWVuJTIwdW5zJTIwaW0lMjBGb2xnZW5kZW4lMjBkaWVzZW0lMjBzcGFubmVuZGVuJTIwVGhlbWEhJTIwJTIyJTdEJTVEJTdEJTJDJTdCJTIydHlwZSUyMiUzQSUyMnAlMjIlMkMlMjJpZCUyMiUzQSUyMm0zenl2JTIyJTJDJTIyY2hpbGRyZW4lMjIlM0ElNUIlN0IlMjJ0ZXh0JTIyJTNBJTIyJTIyJTdEJTVEJTdEJTVE\">\n<p><span style=\"font-weight: 400;\">As we all know by now, there is a shortage of skilled labour in Germany, which also affects <a href=\"https:\/\/personal-aus-osteuropa.de\/en\/service\/remote-teams\/\">IT specialists<\/a>applies. It can therefore be a real challenge to find the right personnel in this area.\u00a0<\/span><\/p>\n<p><span style=\"font-weight: 400;\">If you are looking for the right IT staff, you can score points with something as simple as a car park, a good working atmosphere, lunch or the like. You can get really creative here. Of course, it can be a challenge to find something that suits this target group. IT people in particular are a special breed. There are also around 82,000 jobs for IT people in Germany, so you have a lot of competition to compete with.<\/span><\/p>\n<\/div>\n<div>\n<p><\/p>\n<\/div>\n<p><!-- \/wp:buttons --><\/p>\t\t\t\t\t\t\t\t<\/div>\n\t\t\t\t<\/div>\n\t\t\t\t<div class=\"elementor-element elementor-element-5844e000 tstk-btn-shape-round tstk-btn-color-globalcolor tstk-btn-style-flat elementor-widget elementor-widget-button\" data-id=\"5844e000\" data-element_type=\"widget\" data-e-type=\"widget\" data-widget_type=\"button.default\">\n\t\t\t\t<div class=\"elementor-widget-container\">\n\t\t\t\t\t\t\t\t\t<div class=\"elementor-button-wrapper\">\n\t\t\t\t\t<a class=\"elementor-button elementor-button-link elementor-size-sm\" href=\"https:\/\/personal-aus-osteuropa.de\/en\/portfolio\/temporary-work-temporary-employment-eastern-europe\/\">\n\t\t\t\t\t\t<span class=\"elementor-button-content-wrapper\">\n\t\t\t\t\t\t\t\t\t<span class=\"elementor-button-text\">More about temp work<\/span>\n\t\t\t\t\t<\/span>\n\t\t\t\t\t<\/a>\n\t\t\t\t<\/div>\n\t\t\t\t\t\t\t\t<\/div>\n\t\t\t\t<\/div>\n\t\t\t\t<div class=\"elementor-element elementor-element-7a005786 elementor-widget elementor-widget-heading\" data-id=\"7a005786\" data-element_type=\"widget\" data-e-type=\"widget\" data-widget_type=\"heading.default\">\n\t\t\t\t<div class=\"elementor-widget-container\">\n\t\t\t\t\t<h2 class=\"elementor-heading-title elementor-size-default\">What strategies help you successfully recruit IT professionals now?\n<\/h2>\t\t\t\t<\/div>\n\t\t\t\t<\/div>\n\t\t\t\t<div class=\"elementor-element elementor-element-2a00726c elementor-widget elementor-widget-text-editor\" data-id=\"2a00726c\" data-element_type=\"widget\" data-e-type=\"widget\" data-widget_type=\"text-editor.default\">\n\t\t\t\t<div class=\"elementor-widget-container\">\n\t\t\t\t\t\t\t\t\t<p><span style=\"font-weight: 400;\">IT specialists are not willing to change their place of residence for a job. It is therefore an advantage that you advertise and look for staff in the vicinity of your company. Flexible working hours and the option of working from home are also important to them. So these are clear plus points if you offer this.\u00a0<\/span><\/p>\n<p><span style=\"font-weight: 400;\">Another difference to other professional groups is that young IT specialists in particular are not necessarily looking for a traditional career. Instead, they prefer to specialise and become an expert in their field. It is therefore important that the job is exciting and appeals to them.<\/span><\/p>\n<p><span style=\"font-weight: 400;\">Another important point is expertise. It is important that the external perception is right so that the employer is recognised in the IT sector. However, it is also important that the head of the IT department has the necessary expertise in-house.\u00a0<\/span><\/p>\n<p><span style=\"font-weight: 400;\">In the IT sector in particular, state-of-the-art work equipment is of course also important. It is therefore important to provide the appropriate equipment. Short communication channels support collaboration. Present yourself best if your company has low and flexible hierarchies. This helps employees enormously.<\/span><\/p>\n<p><span style=\"font-weight: 400;\">Sometimes it's just the little things that make a difference in finding the right IT specialists for your company. These can be things as simple as a good working atmosphere, which every employee actually appreciates. The place of work is also important for employees. It can be small things that make them feel comfortable, be it a place by the window or plants. Of course, a fair salary is always a clear advantage when you are looking for staff.<\/span><\/p>\n<p><span style=\"font-weight: 400;\">\u00a0But even something as simple as a fruit basket that is regularly delivered to the office is something that employees pay attention to.\u00a0<\/span><\/p>\t\t\t\t\t\t\t\t<\/div>\n\t\t\t\t<\/div>\n\t\t\t\t<div class=\"elementor-element elementor-element-31caf73 elementor-widget elementor-widget-heading\" data-id=\"31caf73\" data-element_type=\"widget\" data-e-type=\"widget\" data-widget_type=\"heading.default\">\n\t\t\t\t<div class=\"elementor-widget-container\">\n\t\t\t\t\t<h2 class=\"elementor-heading-title elementor-size-default\">How does Zeitarbeit International support your search for IT specialists? <\/h2>\t\t\t\t<\/div>\n\t\t\t\t<\/div>\n\t\t\t\t<div class=\"elementor-element elementor-element-922ee7e elementor-widget elementor-widget-text-editor\" data-id=\"922ee7e\" data-element_type=\"widget\" data-e-type=\"widget\" data-widget_type=\"text-editor.default\">\n\t\t\t\t<div class=\"elementor-widget-container\">\n\t\t\t\t\t\t\t\t\t<p>We have been supporting IT companies with technology for more than 25 years. Our expertise lies in the <strong>digital transformation and software development, IT security<\/strong>\u00a0utilising our worldwide<strong> IT consulting.<\/strong><\/p>\n<p>Unleash your IT potential by strategically locating <strong>Offshore development\/delivery centres (ODC)<\/strong> and support you with exceptional professional services. Use our expertise to enhance your IT skills and ensure reliable, high quality delivery through the support of our global network. Our focus is on IT recruitment and securing high performing remote teams to ensure efficient recruitment for IT organisations.\u00a0<\/p>\n<p>Are you looking for IT personnel for your project? Contact us, we will be happy to help you!<\/p>\t\t\t\t\t\t\t\t<\/div>\n\t\t\t\t<\/div>\n\t\t\t\t<div class=\"elementor-element elementor-element-4ea937b3 tstk-btn-shape-round tstk-btn-color-globalcolor tstk-btn-style-flat elementor-widget elementor-widget-button\" data-id=\"4ea937b3\" data-element_type=\"widget\" data-e-type=\"widget\" data-widget_type=\"button.default\">\n\t\t\t\t<div class=\"elementor-widget-container\">\n\t\t\t\t\t\t\t\t\t<div class=\"elementor-button-wrapper\">\n\t\t\t\t\t<a class=\"elementor-button elementor-button-link elementor-size-sm\" href=\"https:\/\/personal-aus-osteuropa.de\/en\/about-us-staff-from-eastern-europe\/\">\n\t\t\t\t\t\t<span class=\"elementor-button-content-wrapper\">\n\t\t\t\t\t\t\t\t\t<span class=\"elementor-button-text\">More about us<\/span>\n\t\t\t\t\t<\/span>\n\t\t\t\t\t<\/a>\n\t\t\t\t<\/div>\n\t\t\t\t\t\t\t\t<\/div>\n\t\t\t\t<\/div>\n\t\t\t\t\t<\/div>\n\t\t<\/div>\n\t\t\t\t\t<\/div>\n\t\t<\/section>\n\t\t\t\t<\/div>","protected":false},"excerpt":{"rendered":"<p>IT recruitment - how to attract IT specialists to your company As we all know by now, there is a shortage of skilled labour in Germany, which also applies to IT specialists. It can therefore be a real challenge to find the right personnel in this area.  When you're looking for the right IT staff, it can be something as simple as a car park, a good working atmosphere, lunch or the like.<\/p>","protected":false},"author":9,"featured_media":10154,"comment_status":"closed","ping_status":"closed","sticky":false,"template":"","format":"standard","meta":{"_acf_changed":false,"footnotes":""},"categories":[107],"tags":[],"class_list":["post-10160","post","type-post","status-publish","format-standard","has-post-thumbnail","hentry","category-it"],"acf":[],"yoast_head":"<!-- This site is optimized with the Yoast SEO Premium plugin v26.8 (Yoast SEO v26.8) - https:\/\/yoast.com\/product\/yoast-seo-premium-wordpress\/ -->\n<title>IT Rekrutierung - wie Sie IT Fachkr\u00e4fte f\u00fcr Ihr Unternehmen gewinnen - Fachkr\u00e4fte aus Osteuropa<\/title>\n<meta name=\"robots\" content=\"index, follow, max-snippet:-1, max-image-preview:large, max-video-preview:-1\" \/>\n<link rel=\"canonical\" href=\"https:\/\/personal-aus-osteuropa.de\/en\/2024\/07\/13\/it-recruitment-how-to-attract-it-specialists-for-your-company\/\" \/>\n<meta property=\"og:locale\" content=\"en_GB\" \/>\n<meta property=\"og:type\" content=\"article\" \/>\n<meta property=\"og:title\" content=\"IT Rekrutierung - wie Sie IT Fachkr\u00e4fte f\u00fcr Ihr Unternehmen gewinnen\" \/>\n<meta property=\"og:description\" content=\"IT Rekrutierung &#8211; wie Sie IT Fachkr\u00e4fte f\u00fcr Ihr Unternehmen gewinnen Wie wir ja alle mittlerweile wissen, gibt es einen Fachkraftmangel in Deutschland, der auch auf IT Fachkr\u00e4fte zutrifft. Deshalb kann es eine richtige Herausforderung sein, dass passende Personal in diesem Bereich zu finden.\u00a0 Wenn Sie auf der Suche nach dem passenden IT Personal sind, k\u00f6nnen es so einfache Dinge wie ein Parkplatz, eine gute Arbeitsatmosph\u00e4re, ein Mittagessen oder dergleichen[&hellip;]\" \/>\n<meta property=\"og:url\" content=\"https:\/\/personal-aus-osteuropa.de\/en\/2024\/07\/13\/it-recruitment-how-to-attract-it-specialists-for-your-company\/\" \/>\n<meta property=\"og:site_name\" content=\"Fachkr\u00e4fte aus Osteuropa\" \/>\n<meta property=\"article:published_time\" content=\"2024-07-13T16:55:58+00:00\" \/>\n<meta property=\"article:modified_time\" content=\"2025-02-21T10:43:14+00:00\" \/>\n<meta property=\"og:image\" content=\"https:\/\/personal-aus-osteuropa.de\/wp-content\/uploads\/2024\/07\/pexels-cottonbro-6804076-scaled.jpg\" \/>\n\t<meta property=\"og:image:width\" content=\"2560\" \/>\n\t<meta property=\"og:image:height\" content=\"1707\" \/>\n\t<meta property=\"og:image:type\" content=\"image\/jpeg\" \/>\n<meta name=\"author\" content=\"Redaktion\" \/>\n<meta name=\"twitter:card\" content=\"summary_large_image\" \/>\n<meta name=\"twitter:label1\" content=\"Written by\" \/>\n\t<meta name=\"twitter:data1\" content=\"Redaktion\" \/>\n\t<meta name=\"twitter:label2\" content=\"Estimated reading time\" \/>\n\t<meta name=\"twitter:data2\" content=\"4 minutes\" \/>\n<script type=\"application\/ld+json\" class=\"yoast-schema-graph\">{\"@context\":\"https:\/\/schema.org\",\"@graph\":[{\"@type\":\"Article\",\"@id\":\"https:\/\/personal-aus-osteuropa.de\/2024\/07\/13\/it-rekrutierung-wie-sie-it-fachkraefte-fuer-ihr-unternehmen-gewinnen\/#article\",\"isPartOf\":{\"@id\":\"https:\/\/personal-aus-osteuropa.de\/2024\/07\/13\/it-rekrutierung-wie-sie-it-fachkraefte-fuer-ihr-unternehmen-gewinnen\/\"},\"author\":{\"name\":\"Redaktion\",\"@id\":\"https:\/\/personal-aus-osteuropa.de\/#\/schema\/person\/0ce1893350b12e877d605bbb370f7e8f\"},\"headline\":\"IT Rekrutierung &#8211; wie Sie IT Fachkr\u00e4fte f\u00fcr Ihr Unternehmen gewinnen\",\"datePublished\":\"2024-07-13T16:55:58+00:00\",\"dateModified\":\"2025-02-21T10:43:14+00:00\",\"mainEntityOfPage\":{\"@id\":\"https:\/\/personal-aus-osteuropa.de\/2024\/07\/13\/it-rekrutierung-wie-sie-it-fachkraefte-fuer-ihr-unternehmen-gewinnen\/\"},\"wordCount\":607,\"publisher\":{\"@id\":\"https:\/\/personal-aus-osteuropa.de\/#organization\"},\"image\":{\"@id\":\"https:\/\/personal-aus-osteuropa.de\/2024\/07\/13\/it-rekrutierung-wie-sie-it-fachkraefte-fuer-ihr-unternehmen-gewinnen\/#primaryimage\"},\"thumbnailUrl\":\"https:\/\/personal-aus-osteuropa.de\/wp-content\/uploads\/2024\/07\/pexels-cottonbro-6804076-scaled.jpg\",\"articleSection\":[\"IT\"],\"inLanguage\":\"en-GB\"},{\"@type\":[\"WebPage\",\"ItemPage\"],\"@id\":\"https:\/\/personal-aus-osteuropa.de\/2024\/07\/13\/it-rekrutierung-wie-sie-it-fachkraefte-fuer-ihr-unternehmen-gewinnen\/\",\"url\":\"https:\/\/personal-aus-osteuropa.de\/2024\/07\/13\/it-rekrutierung-wie-sie-it-fachkraefte-fuer-ihr-unternehmen-gewinnen\/\",\"name\":\"IT Rekrutierung - wie Sie IT Fachkr\u00e4fte f\u00fcr Ihr Unternehmen gewinnen - Fachkr\u00e4fte aus Osteuropa\",\"isPartOf\":{\"@id\":\"https:\/\/personal-aus-osteuropa.de\/#website\"},\"primaryImageOfPage\":{\"@id\":\"https:\/\/personal-aus-osteuropa.de\/2024\/07\/13\/it-rekrutierung-wie-sie-it-fachkraefte-fuer-ihr-unternehmen-gewinnen\/#primaryimage\"},\"image\":{\"@id\":\"https:\/\/personal-aus-osteuropa.de\/2024\/07\/13\/it-rekrutierung-wie-sie-it-fachkraefte-fuer-ihr-unternehmen-gewinnen\/#primaryimage\"},\"thumbnailUrl\":\"https:\/\/personal-aus-osteuropa.de\/wp-content\/uploads\/2024\/07\/pexels-cottonbro-6804076-scaled.jpg\",\"datePublished\":\"2024-07-13T16:55:58+00:00\",\"dateModified\":\"2025-02-21T10:43:14+00:00\",\"breadcrumb\":{\"@id\":\"https:\/\/personal-aus-osteuropa.de\/2024\/07\/13\/it-rekrutierung-wie-sie-it-fachkraefte-fuer-ihr-unternehmen-gewinnen\/#breadcrumb\"},\"inLanguage\":\"en-GB\",\"potentialAction\":[{\"@type\":\"ReadAction\",\"target\":[\"https:\/\/personal-aus-osteuropa.de\/2024\/07\/13\/it-rekrutierung-wie-sie-it-fachkraefte-fuer-ihr-unternehmen-gewinnen\/\"]}]},{\"@type\":\"ImageObject\",\"inLanguage\":\"en-GB\",\"@id\":\"https:\/\/personal-aus-osteuropa.de\/2024\/07\/13\/it-rekrutierung-wie-sie-it-fachkraefte-fuer-ihr-unternehmen-gewinnen\/#primaryimage\",\"url\":\"https:\/\/personal-aus-osteuropa.de\/wp-content\/uploads\/2024\/07\/pexels-cottonbro-6804076-scaled.jpg\",\"contentUrl\":\"https:\/\/personal-aus-osteuropa.de\/wp-content\/uploads\/2024\/07\/pexels-cottonbro-6804076-scaled.jpg\",\"width\":2560,\"height\":1707},{\"@type\":\"BreadcrumbList\",\"@id\":\"https:\/\/personal-aus-osteuropa.de\/2024\/07\/13\/it-rekrutierung-wie-sie-it-fachkraefte-fuer-ihr-unternehmen-gewinnen\/#breadcrumb\",\"itemListElement\":[{\"@type\":\"ListItem\",\"position\":1,\"name\":\"Startseite\",\"item\":\"https:\/\/personal-aus-osteuropa.de\/\"},{\"@type\":\"ListItem\",\"position\":2,\"name\":\"IT Rekrutierung &#8211; wie Sie IT Fachkr\u00e4fte f\u00fcr Ihr Unternehmen gewinnen\"}]},{\"@type\":\"WebSite\",\"@id\":\"https:\/\/personal-aus-osteuropa.de\/#website\",\"url\":\"https:\/\/personal-aus-osteuropa.de\/\",\"name\":\"Fachkr\u00e4fte aus Osteuropa\",\"description\":\"Leiharbeiter &amp; Subunternehmer Vermittlung\",\"publisher\":{\"@id\":\"https:\/\/personal-aus-osteuropa.de\/#organization\"},\"alternateName\":\"Zeitarbeit & Werkvertr\u00e4ge Osteuropa\",\"potentialAction\":[{\"@type\":\"SearchAction\",\"target\":{\"@type\":\"EntryPoint\",\"urlTemplate\":\"https:\/\/personal-aus-osteuropa.de\/?s={search_term_string}\"},\"query-input\":{\"@type\":\"PropertyValueSpecification\",\"valueRequired\":true,\"valueName\":\"search_term_string\"}}],\"inLanguage\":\"en-GB\"},{\"@type\":\"Organization\",\"@id\":\"https:\/\/personal-aus-osteuropa.de\/#organization\",\"name\":\"Personal aus Osteuropa\",\"alternateName\":\"Zeitarbeit International s.r.o.\",\"url\":\"https:\/\/personal-aus-osteuropa.de\/\",\"logo\":{\"@type\":\"ImageObject\",\"inLanguage\":\"en-GB\",\"@id\":\"https:\/\/personal-aus-osteuropa.de\/#\/schema\/logo\/image\/\",\"url\":\"https:\/\/personal-aus-osteuropa.de\/wp-content\/uploads\/2022\/06\/logo_2.png\",\"contentUrl\":\"https:\/\/personal-aus-osteuropa.de\/wp-content\/uploads\/2022\/06\/logo_2.png\",\"width\":62,\"height\":60,\"caption\":\"Personal aus Osteuropa\"},\"image\":{\"@id\":\"https:\/\/personal-aus-osteuropa.de\/#\/schema\/logo\/image\/\"},\"description\":\"Zeitarbeit International ist ein Personaldienstleister f\u00fcr Zeitarbeit, Werkvertr\u00e4ge und Personalvermittlung von Arbeitskr\u00e4ften aus Osteuropa und Baltikum. Wir vermitteln den Unternehmen Deutschland Personal aus Osteuropa, EU L\u00e4ndern sowie Drittstaaten Personal f\u00fcr Handwerk, Bau, Industrie, Solartechnik, Medizin, Industriemontage, Maschinenverlagerungen, Elektrotechnik, Ingenieurwesen, Automobilindustrie, Metall- und Stahlbau, Produktion und Logistik. Unsere Kernkompetenz umfasst Schwei\u00dfen, Fertigung von Metallkonstruktionen, Montage, den Bau und Instandhaltung von industriellen Anlagen. Dar\u00fcber hinaus vermitteln wir flei\u00dfiges Produktionshelfer, Flie\u00dfbandarbeiter, Kontrolleure etc.\",\"email\":\"info@personal-aus-osteuropa.de\",\"telephone\":\"+49 172 7477707\",\"legalName\":\"Zeitarbeit International s.r.o.\",\"numberOfEmployees\":{\"@type\":\"QuantitativeValue\",\"minValue\":\"1\",\"maxValue\":\"10\"}},{\"@type\":\"Person\",\"@id\":\"https:\/\/personal-aus-osteuropa.de\/#\/schema\/person\/0ce1893350b12e877d605bbb370f7e8f\",\"name\":\"Redaktion\",\"image\":{\"@type\":\"ImageObject\",\"inLanguage\":\"en-GB\",\"@id\":\"https:\/\/personal-aus-osteuropa.de\/#\/schema\/person\/image\/\",\"url\":\"https:\/\/secure.gravatar.com\/avatar\/088239ed62db310e401e46f38d299325f293696786aba999c404ba1808a9cb46?s=96&d=mm&r=g\",\"contentUrl\":\"https:\/\/secure.gravatar.com\/avatar\/088239ed62db310e401e46f38d299325f293696786aba999c404ba1808a9cb46?s=96&d=mm&r=g\",\"caption\":\"Redaktion\"},\"url\":\"https:\/\/personal-aus-osteuropa.de\/en\/author\/markus\/\"}]}<\/script>\n<!-- \/ Yoast SEO Premium plugin. -->","yoast_head_json":{"title":"IT recruitment - how to attract IT professionals to your company - Professionals from Eastern Europe","robots":{"index":"index","follow":"follow","max-snippet":"max-snippet:-1","max-image-preview":"max-image-preview:large","max-video-preview":"max-video-preview:-1"},"canonical":"https:\/\/personal-aus-osteuropa.de\/en\/2024\/07\/13\/it-recruitment-how-to-attract-it-specialists-for-your-company\/","og_locale":"en_GB","og_type":"article","og_title":"IT Rekrutierung - wie Sie IT Fachkr\u00e4fte f\u00fcr Ihr Unternehmen gewinnen","og_description":"IT Rekrutierung &#8211; wie Sie IT Fachkr\u00e4fte f\u00fcr Ihr Unternehmen gewinnen Wie wir ja alle mittlerweile wissen, gibt es einen Fachkraftmangel in Deutschland, der auch auf IT Fachkr\u00e4fte zutrifft. Deshalb kann es eine richtige Herausforderung sein, dass passende Personal in diesem Bereich zu finden.\u00a0 Wenn Sie auf der Suche nach dem passenden IT Personal sind, k\u00f6nnen es so einfache Dinge wie ein Parkplatz, eine gute Arbeitsatmosph\u00e4re, ein Mittagessen oder dergleichen[&hellip;]","og_url":"https:\/\/personal-aus-osteuropa.de\/en\/2024\/07\/13\/it-recruitment-how-to-attract-it-specialists-for-your-company\/","og_site_name":"Fachkr\u00e4fte aus Osteuropa","article_published_time":"2024-07-13T16:55:58+00:00","article_modified_time":"2025-02-21T10:43:14+00:00","og_image":[{"width":2560,"height":1707,"url":"https:\/\/personal-aus-osteuropa.de\/wp-content\/uploads\/2024\/07\/pexels-cottonbro-6804076-scaled.jpg","type":"image\/jpeg"}],"author":"Redaktion","twitter_card":"summary_large_image","twitter_misc":{"Written by":"Redaktion","Estimated reading time":"4 minutes"},"schema":{"@context":"https:\/\/schema.org","@graph":[{"@type":"Article","@id":"https:\/\/personal-aus-osteuropa.de\/2024\/07\/13\/it-rekrutierung-wie-sie-it-fachkraefte-fuer-ihr-unternehmen-gewinnen\/#article","isPartOf":{"@id":"https:\/\/personal-aus-osteuropa.de\/2024\/07\/13\/it-rekrutierung-wie-sie-it-fachkraefte-fuer-ihr-unternehmen-gewinnen\/"},"author":{"name":"Redaktion","@id":"https:\/\/personal-aus-osteuropa.de\/#\/schema\/person\/0ce1893350b12e877d605bbb370f7e8f"},"headline":"IT Rekrutierung &#8211; wie Sie IT Fachkr\u00e4fte f\u00fcr Ihr Unternehmen gewinnen","datePublished":"2024-07-13T16:55:58+00:00","dateModified":"2025-02-21T10:43:14+00:00","mainEntityOfPage":{"@id":"https:\/\/personal-aus-osteuropa.de\/2024\/07\/13\/it-rekrutierung-wie-sie-it-fachkraefte-fuer-ihr-unternehmen-gewinnen\/"},"wordCount":607,"publisher":{"@id":"https:\/\/personal-aus-osteuropa.de\/#organization"},"image":{"@id":"https:\/\/personal-aus-osteuropa.de\/2024\/07\/13\/it-rekrutierung-wie-sie-it-fachkraefte-fuer-ihr-unternehmen-gewinnen\/#primaryimage"},"thumbnailUrl":"https:\/\/personal-aus-osteuropa.de\/wp-content\/uploads\/2024\/07\/pexels-cottonbro-6804076-scaled.jpg","articleSection":["IT"],"inLanguage":"en-GB"},{"@type":["WebPage","ItemPage"],"@id":"https:\/\/personal-aus-osteuropa.de\/2024\/07\/13\/it-rekrutierung-wie-sie-it-fachkraefte-fuer-ihr-unternehmen-gewinnen\/","url":"https:\/\/personal-aus-osteuropa.de\/2024\/07\/13\/it-rekrutierung-wie-sie-it-fachkraefte-fuer-ihr-unternehmen-gewinnen\/","name":"IT recruitment - how to attract IT professionals to your company - Professionals from Eastern Europe","isPartOf":{"@id":"https:\/\/personal-aus-osteuropa.de\/#website"},"primaryImageOfPage":{"@id":"https:\/\/personal-aus-osteuropa.de\/2024\/07\/13\/it-rekrutierung-wie-sie-it-fachkraefte-fuer-ihr-unternehmen-gewinnen\/#primaryimage"},"image":{"@id":"https:\/\/personal-aus-osteuropa.de\/2024\/07\/13\/it-rekrutierung-wie-sie-it-fachkraefte-fuer-ihr-unternehmen-gewinnen\/#primaryimage"},"thumbnailUrl":"https:\/\/personal-aus-osteuropa.de\/wp-content\/uploads\/2024\/07\/pexels-cottonbro-6804076-scaled.jpg","datePublished":"2024-07-13T16:55:58+00:00","dateModified":"2025-02-21T10:43:14+00:00","breadcrumb":{"@id":"https:\/\/personal-aus-osteuropa.de\/2024\/07\/13\/it-rekrutierung-wie-sie-it-fachkraefte-fuer-ihr-unternehmen-gewinnen\/#breadcrumb"},"inLanguage":"en-GB","potentialAction":[{"@type":"ReadAction","target":["https:\/\/personal-aus-osteuropa.de\/2024\/07\/13\/it-rekrutierung-wie-sie-it-fachkraefte-fuer-ihr-unternehmen-gewinnen\/"]}]},{"@type":"ImageObject","inLanguage":"en-GB","@id":"https:\/\/personal-aus-osteuropa.de\/2024\/07\/13\/it-rekrutierung-wie-sie-it-fachkraefte-fuer-ihr-unternehmen-gewinnen\/#primaryimage","url":"https:\/\/personal-aus-osteuropa.de\/wp-content\/uploads\/2024\/07\/pexels-cottonbro-6804076-scaled.jpg","contentUrl":"https:\/\/personal-aus-osteuropa.de\/wp-content\/uploads\/2024\/07\/pexels-cottonbro-6804076-scaled.jpg","width":2560,"height":1707},{"@type":"BreadcrumbList","@id":"https:\/\/personal-aus-osteuropa.de\/2024\/07\/13\/it-rekrutierung-wie-sie-it-fachkraefte-fuer-ihr-unternehmen-gewinnen\/#breadcrumb","itemListElement":[{"@type":"ListItem","position":1,"name":"Startseite","item":"https:\/\/personal-aus-osteuropa.de\/"},{"@type":"ListItem","position":2,"name":"IT Rekrutierung &#8211; wie Sie IT Fachkr\u00e4fte f\u00fcr Ihr Unternehmen gewinnen"}]},{"@type":"WebSite","@id":"https:\/\/personal-aus-osteuropa.de\/#website","url":"https:\/\/personal-aus-osteuropa.de\/","name":"from Eastern European EU countries","description":"Temporary workers &amp; subcontractor placement","publisher":{"@id":"https:\/\/personal-aus-osteuropa.de\/#organization"},"alternateName":"Zeitarbeit & Werkvertr\u00e4ge Osteuropa","potentialAction":[{"@type":"SearchAction","target":{"@type":"EntryPoint","urlTemplate":"https:\/\/personal-aus-osteuropa.de\/?s={search_term_string}"},"query-input":{"@type":"PropertyValueSpecification","valueRequired":true,"valueName":"search_term_string"}}],"inLanguage":"en-GB"},{"@type":"Organization","@id":"https:\/\/personal-aus-osteuropa.de\/#organization","name":"Staff from Eastern Europe","alternateName":"Zeitarbeit International s.r.o.","url":"https:\/\/personal-aus-osteuropa.de\/","logo":{"@type":"ImageObject","inLanguage":"en-GB","@id":"https:\/\/personal-aus-osteuropa.de\/#\/schema\/logo\/image\/","url":"https:\/\/personal-aus-osteuropa.de\/wp-content\/uploads\/2022\/06\/logo_2.png","contentUrl":"https:\/\/personal-aus-osteuropa.de\/wp-content\/uploads\/2022\/06\/logo_2.png","width":62,"height":60,"caption":"Personal aus Osteuropa"},"image":{"@id":"https:\/\/personal-aus-osteuropa.de\/#\/schema\/logo\/image\/"},"description":"Zeitarbeit International is a personnel service provider for temporary work, work contracts and personnel placement of labour from Eastern Europe and the Baltic States. We provide companies in Germany with personnel from Eastern Europe, EU countries and third countries for skilled trades, construction, industry, solar technology, medicine, industrial assembly, machine relocation, electrical engineering, engineering, the automotive industry, metal and steel construction, production and logistics. Our core competences include welding, manufacturing of metal constructions, assembly, construction and maintenance of industrial plants. We also provide hard-working production assistants, assembly line workers, inspectors, etc.","email":"info@personal-aus-osteuropa.de","telephone":"+49 172 7477707","legalName":"Zeitarbeit International s.r.o.","numberOfEmployees":{"@type":"QuantitativeValue","minValue":"1","maxValue":"10"}},{"@type":"Person","@id":"https:\/\/personal-aus-osteuropa.de\/#\/schema\/person\/0ce1893350b12e877d605bbb370f7e8f","name":"editorial staff","image":{"@type":"ImageObject","inLanguage":"en-GB","@id":"https:\/\/personal-aus-osteuropa.de\/#\/schema\/person\/image\/","url":"https:\/\/secure.gravatar.com\/avatar\/088239ed62db310e401e46f38d299325f293696786aba999c404ba1808a9cb46?s=96&d=mm&r=g","contentUrl":"https:\/\/secure.gravatar.com\/avatar\/088239ed62db310e401e46f38d299325f293696786aba999c404ba1808a9cb46?s=96&d=mm&r=g","caption":"Redaktion"},"url":"https:\/\/personal-aus-osteuropa.de\/en\/author\/markus\/"}]}},"_links":{"self":[{"href":"https:\/\/personal-aus-osteuropa.de\/en\/wp-json\/wp\/v2\/posts\/10160","targetHints":{"allow":["GET"]}}],"collection":[{"href":"https:\/\/personal-aus-osteuropa.de\/en\/wp-json\/wp\/v2\/posts"}],"about":[{"href":"https:\/\/personal-aus-osteuropa.de\/en\/wp-json\/wp\/v2\/types\/post"}],"author":[{"embeddable":true,"href":"https:\/\/personal-aus-osteuropa.de\/en\/wp-json\/wp\/v2\/users\/9"}],"replies":[{"embeddable":true,"href":"https:\/\/personal-aus-osteuropa.de\/en\/wp-json\/wp\/v2\/comments?post=10160"}],"version-history":[{"count":10,"href":"https:\/\/personal-aus-osteuropa.de\/en\/wp-json\/wp\/v2\/posts\/10160\/revisions"}],"predecessor-version":[{"id":14417,"href":"https:\/\/personal-aus-osteuropa.de\/en\/wp-json\/wp\/v2\/posts\/10160\/revisions\/14417"}],"wp:featuredmedia":[{"embeddable":true,"href":"https:\/\/personal-aus-osteuropa.de\/en\/wp-json\/wp\/v2\/media\/10154"}],"wp:attachment":[{"href":"https:\/\/personal-aus-osteuropa.de\/en\/wp-json\/wp\/v2\/media?parent=10160"}],"wp:term":[{"taxonomy":"category","embeddable":true,"href":"https:\/\/personal-aus-osteuropa.de\/en\/wp-json\/wp\/v2\/categories?post=10160"},{"taxonomy":"post_tag","embeddable":true,"href":"https:\/\/personal-aus-osteuropa.de\/en\/wp-json\/wp\/v2\/tags?post=10160"}],"curies":[{"name":"wp","href":"https:\/\/api.w.org\/{rel}","templated":true}]}}